{"id":16747,"date":"2020-06-04T15:49:10","date_gmt":"2020-06-04T20:49:10","guid":{"rendered":"https:\/\/raicesjerezanas.com\/?p=16747"},"modified":"2023-07-14T04:25:17","modified_gmt":"2023-07-14T04:25:17","slug":"nuevas-disposiciones-para-practica-deportiva-en-jerez","status":"publish","type":"post","link":"https:\/\/raicesjerezanas.com\/?p=16747","title":{"rendered":"NUEVAS DISPOSICIONES PARA PR\u00c1CTICA DEPORTIVA EN JEREZ"},"content":{"rendered":"<p>-Hasta el sem\u00e1foro amarillo se permitir\u00e1n deportes de contacto en espacios abiertos, y en verde, reapertura de establecimientos<\/p>\n<p>El Ayuntamiento de Jerez emiti\u00f3 las nuevas disposiciones para la pr\u00e1ctica deportiva en el municipio, en apego a los decretos oficiales emitidos por la Comisi\u00f3n Federal para la Protecci\u00f3n contra Riesgos Sanitarios (COFEPRIS).<\/p>\n<p>Mientras el sem\u00e1foro de contagios permanezca en color naranja, se permitir\u00e1 la activaci\u00f3n f\u00edsica en espacios abiertos y sin contacto, con actividades de caminata, trote y ciclismo con todas las medidas preventivas.<\/p>\n<p>La segunda etapa de reactivaci\u00f3n se dar\u00e1 en sem\u00e1foro amarillo con deportes de contacto como f\u00fatbol, v\u00f3leibol, tenis y b\u00e1squetbol en espacios abiertos. La \u00faltima corresponder\u00e1 al verde y la apertura de espacios cerrados, con protocolos de seguridad que se dar\u00e1n a conocer posteriormente.<\/p>\n<p>En la primera etapa deben seguirse las medidas de sana distancia de 5, 10 y 20 metros para las actividades de caminata, trote y ciclismo respectivamente; uso de gel antibacterial; uso de cubrebocas si se detiene la actividad y portar equipo de protecci\u00f3n para bicicletas.<\/p>\n","protected":false},"excerpt":{"rendered":"<div class=\"mh-excerpt\"><p>-Hasta el sem\u00e1foro amarillo se permitir\u00e1n deportes de contacto en espacios abiertos, y en verde, reapertura de establecimientos El Ayuntamiento de Jerez emiti\u00f3 las nuevas <a class=\"mh-excerpt-more\" href=\"https:\/\/raicesjerezanas.com\/?p=16747\" title=\"NUEVAS DISPOSICIONES PARA PR\u00c1CTICA DEPORTIVA EN JEREZ\">&#8230;<\/a><\/p>\n<\/div>","protected":false},"author":1,"featured_media":16748,"comment_status":"closed","ping_status":"closed","sticky":false,"template":"","format":"standard","meta":{"footnotes":""},"categories":[102],"tags":[],"class_list":["post-16747","post","type-post","status-publish","format-standard","has-post-thumbnail","hentry","category-noticias-de-jerez"],"_links":{"self":[{"href":"https:\/\/raicesjerezanas.com\/index.php?rest_route=\/wp\/v2\/posts\/16747","targetHints":{"allow":["GET"]}}],"collection":[{"href":"https:\/\/raicesjerezanas.com\/index.php?rest_route=\/wp\/v2\/posts"}],"about":[{"href":"https:\/\/raicesjerezanas.com\/index.php?rest_route=\/wp\/v2\/types\/post"}],"author":[{"embeddable":true,"href":"https:\/\/raicesjerezanas.com\/index.php?rest_route=\/wp\/v2\/users\/1"}],"replies":[{"embeddable":true,"href":"https:\/\/raicesjerezanas.com\/index.php?rest_route=%2Fwp%2Fv2%2Fcomments&post=16747"}],"version-history":[{"count":0,"href":"https:\/\/raicesjerezanas.com\/index.php?rest_route=\/wp\/v2\/posts\/16747\/revisions"}],"wp:featuredmedia":[{"embeddable":true,"href":"https:\/\/raicesjerezanas.com\/index.php?rest_route=\/wp\/v2\/media\/16748"}],"wp:attachment":[{"href":"https:\/\/raicesjerezanas.com\/index.php?rest_route=%2Fwp%2Fv2%2Fmedia&parent=16747"}],"wp:term":[{"taxonomy":"category","embeddable":true,"href":"https:\/\/raicesjerezanas.com\/index.php?rest_route=%2Fwp%2Fv2%2Fcategories&post=16747"},{"taxonomy":"post_tag","embeddable":true,"href":"https:\/\/raicesjerezanas.com\/index.php?rest_route=%2Fwp%2Fv2%2Ftags&post=16747"}],"curies":[{"name":"wp","href":"https:\/\/api.w.org\/{rel}","templated":true}]}}