{"id":16749,"date":"2020-06-05T15:52:56","date_gmt":"2020-06-05T20:52:56","guid":{"rendered":"https:\/\/raicesjerezanas.com\/?p=16749"},"modified":"2023-07-14T04:25:17","modified_gmt":"2023-07-14T04:25:17","slug":"permanece-operativo-de-filtros-sanitarios-en-jerez","status":"publish","type":"post","link":"https:\/\/raicesjerezanas.com\/?p=16749","title":{"rendered":"PERMANECE OPERATIVO DE FILTROS SANITARIOS EN JEREZ"},"content":{"rendered":"<p>Durante esta semana, los tres filtros sanitarios en los principales accesos a Jerez registraron la entrada de 6 mil 588 veh\u00edculos al municipio, de los cuales, 299 fueron apercibidos ya que sus pasajeros no portaban cubrebocas.<\/p>\n<p>Elementos de Seguridad P\u00fablica Municipal y Seguridad Vial, detallaron que 2 mil 749 unidades llevaban m\u00e1s de dos pasajeros, mientras que la mayor cantidad de tr\u00e1fico fue local con 5 mil 82 y el resto, correspondi\u00f3 a Fresnillo, Calera, Jalpa, Villanueva, Zacatecas, Susticac\u00e1n, Tepetongo, Ojocaliente, Tlatenango, R\u00edo Grande, Monte Escobedo, Tabasco, Guadalupe y Valpara\u00edso.<\/p>\n<p>Asimismo se registr\u00f3 el tr\u00e1nsito de veh\u00edculos de Jalisco, Aguascalientes, San Luis Potos\u00ed y Ciudad de M\u00e9xico.<\/p>\n<p>En este sentido, se hace un llamado a los ciudadanos a no bajar la guardia y seguir con las medidas preventivas de COVID-19 como quedarse en casa, mantener la sana distancia, usar cubrebocas, gel antibacterial y no exponer a grupos vulnerables.<\/p>\n","protected":false},"excerpt":{"rendered":"<div class=\"mh-excerpt\"><p>Durante esta semana, los tres filtros sanitarios en los principales accesos a Jerez registraron la entrada de 6 mil 588 veh\u00edculos al municipio, de los <a class=\"mh-excerpt-more\" href=\"https:\/\/raicesjerezanas.com\/?p=16749\" title=\"PERMANECE OPERATIVO DE FILTROS SANITARIOS EN JEREZ\">&#8230;<\/a><\/p>\n<\/div>","protected":false},"author":1,"featured_media":16750,"comment_status":"closed","ping_status":"closed","sticky":false,"template":"","format":"standard","meta":{"footnotes":""},"categories":[102],"tags":[],"class_list":["post-16749","post","type-post","status-publish","format-standard","has-post-thumbnail","hentry","category-noticias-de-jerez"],"_links":{"self":[{"href":"https:\/\/raicesjerezanas.com\/index.php?rest_route=\/wp\/v2\/posts\/16749","targetHints":{"allow":["GET"]}}],"collection":[{"href":"https:\/\/raicesjerezanas.com\/index.php?rest_route=\/wp\/v2\/posts"}],"about":[{"href":"https:\/\/raicesjerezanas.com\/index.php?rest_route=\/wp\/v2\/types\/post"}],"author":[{"embeddable":true,"href":"https:\/\/raicesjerezanas.com\/index.php?rest_route=\/wp\/v2\/users\/1"}],"replies":[{"embeddable":true,"href":"https:\/\/raicesjerezanas.com\/index.php?rest_route=%2Fwp%2Fv2%2Fcomments&post=16749"}],"version-history":[{"count":0,"href":"https:\/\/raicesjerezanas.com\/index.php?rest_route=\/wp\/v2\/posts\/16749\/revisions"}],"wp:featuredmedia":[{"embeddable":true,"href":"https:\/\/raicesjerezanas.com\/index.php?rest_route=\/wp\/v2\/media\/16750"}],"wp:attachment":[{"href":"https:\/\/raicesjerezanas.com\/index.php?rest_route=%2Fwp%2Fv2%2Fmedia&parent=16749"}],"wp:term":[{"taxonomy":"category","embeddable":true,"href":"https:\/\/raicesjerezanas.com\/index.php?rest_route=%2Fwp%2Fv2%2Fcategories&post=16749"},{"taxonomy":"post_tag","embeddable":true,"href":"https:\/\/raicesjerezanas.com\/index.php?rest_route=%2Fwp%2Fv2%2Ftags&post=16749"}],"curies":[{"name":"wp","href":"https:\/\/api.w.org\/{rel}","templated":true}]}}