{"id":1675,"date":"2019-05-16T17:36:10","date_gmt":"2019-05-16T22:36:10","guid":{"rendered":"https:\/\/raicesjerezanas.com\/?p=1675"},"modified":"2019-05-16T17:36:10","modified_gmt":"2019-05-16T22:36:10","slug":"gobierno-de-aceves-sanchez-lleva-agua-potable-a-comunidades-de-la-sierra-de-jerez","status":"publish","type":"post","link":"https:\/\/raicesjerezanas.com\/?p=1675","title":{"rendered":"GOBIERNO DE ACEVES S\u00c1NCHEZ LLEVA AGUA POTABLE A COMUNIDADES DE LA SIERRA DE JEREZ"},"content":{"rendered":"<ul>\n<li>Monte de los Garc\u00eda, Villahermosa y Plan de Carrillo ser\u00e1n beneficiadas con esta acci\u00f3n<\/li>\n<\/ul>\n<p>Con una inversi\u00f3n de 2 millones 65 mil pesos, el Ayuntamiento de Jerez que encabeza Antonio Aceves S\u00e1nchez, construye un pozo de agua en Monte de los Garc\u00eda para abastecer de agua potable al menos a tres comunidades de la regi\u00f3n.<\/p>\n<p>Con esta acci\u00f3n el alcalde cumple su compromiso de llevar el vital l\u00edquido a la zona de la sierra, lo que era una petici\u00f3n constante de los jerezanos a los anteriores gobiernos.<\/p>\n<p>Desde la Direcci\u00f3n de Desarrollo Econ\u00f3mico y Social, se concreta la construcci\u00f3n del pozo que beneficiar\u00e1 a las familias de Villahermosa, Plan de Carrillo y Monte de los Garc\u00eda mediante un re direccionamiento de recursos para la excavaci\u00f3n y cimentaci\u00f3n.<\/p>\n<p>Para encontrar el espejo de agua se perforaron 150 metros; actualmente ya se tiene la bomba para sustraer el l\u00edquido para en una segunda etapa construir la red de distribuci\u00f3n e instalar las tomas domiciliarias.<\/p>\n<p>Asimismo se contempla colocar un tanque elevado de almacenamiento para que el agua llegue a los hogares por gravedad y tengan el servicio a cualquier hora.<\/p>\n<p>Se planea que a m\u00e1s tardar en 30 d\u00edas inicien dichos trabajos para dar soluci\u00f3n a una de las demandas m\u00e1s sentidas de la poblaci\u00f3n y elevar as\u00ed la calidad de los servicios p\u00fablicos.<\/p>\n<p>Agreg\u00f3 que debido a la importancia de proveer agua potable a las familias de ese lugar, el Presidente Municipal, gir\u00f3 instrucciones de iniciar la construcci\u00f3n de la l\u00ednea a la brevedad posible y se planea que a m\u00e1s tardar el pr\u00f3ximo mes empiecen los trabajos.<\/p>\n","protected":false},"excerpt":{"rendered":"<div class=\"mh-excerpt\"><p>Monte de los Garc\u00eda, Villahermosa y Plan de Carrillo ser\u00e1n beneficiadas con esta acci\u00f3n Con una inversi\u00f3n de 2 millones 65 mil pesos, el Ayuntamiento <a class=\"mh-excerpt-more\" href=\"https:\/\/raicesjerezanas.com\/?p=1675\" title=\"GOBIERNO DE ACEVES S\u00c1NCHEZ LLEVA AGUA POTABLE A COMUNIDADES DE LA SIERRA DE JEREZ\">&#8230;<\/a><\/p>\n<\/div>","protected":false},"author":1,"featured_media":1676,"comment_status":"closed","ping_status":"closed","sticky":false,"template":"","format":"standard","meta":{"footnotes":""},"categories":[],"tags":[],"class_list":["post-1675","post","type-post","status-publish","format-standard","has-post-thumbnail","hentry"],"_links":{"self":[{"href":"https:\/\/raicesjerezanas.com\/index.php?rest_route=\/wp\/v2\/posts\/1675","targetHints":{"allow":["GET"]}}],"collection":[{"href":"https:\/\/raicesjerezanas.com\/index.php?rest_route=\/wp\/v2\/posts"}],"about":[{"href":"https:\/\/raicesjerezanas.com\/index.php?rest_route=\/wp\/v2\/types\/post"}],"author":[{"embeddable":true,"href":"https:\/\/raicesjerezanas.com\/index.php?rest_route=\/wp\/v2\/users\/1"}],"replies":[{"embeddable":true,"href":"https:\/\/raicesjerezanas.com\/index.php?rest_route=%2Fwp%2Fv2%2Fcomments&post=1675"}],"version-history":[{"count":0,"href":"https:\/\/raicesjerezanas.com\/index.php?rest_route=\/wp\/v2\/posts\/1675\/revisions"}],"wp:featuredmedia":[{"embeddable":true,"href":"https:\/\/raicesjerezanas.com\/index.php?rest_route=\/wp\/v2\/media\/1676"}],"wp:attachment":[{"href":"https:\/\/raicesjerezanas.com\/index.php?rest_route=%2Fwp%2Fv2%2Fmedia&parent=1675"}],"wp:term":[{"taxonomy":"category","embeddable":true,"href":"https:\/\/raicesjerezanas.com\/index.php?rest_route=%2Fwp%2Fv2%2Fcategories&post=1675"},{"taxonomy":"post_tag","embeddable":true,"href":"https:\/\/raicesjerezanas.com\/index.php?rest_route=%2Fwp%2Fv2%2Ftags&post=1675"}],"curies":[{"name":"wp","href":"https:\/\/api.w.org\/{rel}","templated":true}]}}