{"id":16751,"date":"2020-06-04T15:56:04","date_gmt":"2020-06-04T20:56:04","guid":{"rendered":"https:\/\/raicesjerezanas.com\/?p=16751"},"modified":"2023-07-14T04:25:17","modified_gmt":"2023-07-14T04:25:17","slug":"rehabilitan-alumbrado-publico-de-la-plaza-tacuba","status":"publish","type":"post","link":"https:\/\/raicesjerezanas.com\/?p=16751","title":{"rendered":"REHABILITAN ALUMBRADO P\u00daBLICO DE LA PLAZA TACUBA"},"content":{"rendered":"<p>Para dar seguridad y una mejor imagen urbana a la plaza Tacuba, la Direcci\u00f3n de Obras y Servicios P\u00fablicos del Ayuntamiento rehabilit\u00f3 un total de 30 luminarias.<\/p>\n<p>En todas se reemplazaron focos de vapor de sodio por otros de tecnolog\u00eda LED que generar\u00e1n un ahorro del 60 por ciento de energ\u00eda.<\/p>\n<p>El titular Jos\u00e9 \u00c1ngel Flores Guti\u00e9rrez, precis\u00f3 que el cambio tambi\u00e9n contribuir\u00e1 a disminuir las fallas en la funcionalidad del encendido de la red.<\/p>\n<p>Asegur\u00f3 que la din\u00e1mica continuar\u00e1 en otros lugares p\u00fablicos concurridos como los jardines Rafael P\u00e1ez e Hidalgo y a la par, sigue la atenci\u00f3n de reportes ciudadanos para que el servicio de alumbrado del municipio est\u00e9 en \u00f3ptimas condiciones.<\/p>\n","protected":false},"excerpt":{"rendered":"<div class=\"mh-excerpt\"><p>Para dar seguridad y una mejor imagen urbana a la plaza Tacuba, la Direcci\u00f3n de Obras y Servicios P\u00fablicos del Ayuntamiento rehabilit\u00f3 un total de <a class=\"mh-excerpt-more\" href=\"https:\/\/raicesjerezanas.com\/?p=16751\" title=\"REHABILITAN ALUMBRADO P\u00daBLICO DE LA PLAZA TACUBA\">&#8230;<\/a><\/p>\n<\/div>","protected":false},"author":1,"featured_media":16752,"comment_status":"closed","ping_status":"closed","sticky":false,"template":"","format":"standard","meta":{"footnotes":""},"categories":[102],"tags":[],"class_list":["post-16751","post","type-post","status-publish","format-standard","has-post-thumbnail","hentry","category-noticias-de-jerez"],"_links":{"self":[{"href":"https:\/\/raicesjerezanas.com\/index.php?rest_route=\/wp\/v2\/posts\/16751","targetHints":{"allow":["GET"]}}],"collection":[{"href":"https:\/\/raicesjerezanas.com\/index.php?rest_route=\/wp\/v2\/posts"}],"about":[{"href":"https:\/\/raicesjerezanas.com\/index.php?rest_route=\/wp\/v2\/types\/post"}],"author":[{"embeddable":true,"href":"https:\/\/raicesjerezanas.com\/index.php?rest_route=\/wp\/v2\/users\/1"}],"replies":[{"embeddable":true,"href":"https:\/\/raicesjerezanas.com\/index.php?rest_route=%2Fwp%2Fv2%2Fcomments&post=16751"}],"version-history":[{"count":0,"href":"https:\/\/raicesjerezanas.com\/index.php?rest_route=\/wp\/v2\/posts\/16751\/revisions"}],"wp:featuredmedia":[{"embeddable":true,"href":"https:\/\/raicesjerezanas.com\/index.php?rest_route=\/wp\/v2\/media\/16752"}],"wp:attachment":[{"href":"https:\/\/raicesjerezanas.com\/index.php?rest_route=%2Fwp%2Fv2%2Fmedia&parent=16751"}],"wp:term":[{"taxonomy":"category","embeddable":true,"href":"https:\/\/raicesjerezanas.com\/index.php?rest_route=%2Fwp%2Fv2%2Fcategories&post=16751"},{"taxonomy":"post_tag","embeddable":true,"href":"https:\/\/raicesjerezanas.com\/index.php?rest_route=%2Fwp%2Fv2%2Ftags&post=16751"}],"curies":[{"name":"wp","href":"https:\/\/api.w.org\/{rel}","templated":true}]}}