{"id":16753,"date":"2020-06-03T16:02:17","date_gmt":"2020-06-03T21:02:17","guid":{"rendered":"https:\/\/raicesjerezanas.com\/?p=16753"},"modified":"2023-07-14T04:25:17","modified_gmt":"2023-07-14T04:25:17","slug":"refuerzan-medidas-sanitarias-en-el-mercado-municipal","status":"publish","type":"post","link":"https:\/\/raicesjerezanas.com\/?p=16753","title":{"rendered":"REFUERZAN MEDIDAS SANITARIAS EN EL MERCADO MUNICIPAL"},"content":{"rendered":"<p>El Mercado Municipal Benito Ju\u00e1rez se sum\u00f3 a las normas sanitarias de la Nueva Realidad con la instalaci\u00f3n de tapetes sanitizantes.<\/p>\n<p>En total se colocaron 13 en la nave principal, y se destinar\u00e1n cuatro m\u00e1s para el Mercado de Comidas que vuelve a su actividad el pr\u00f3ximo s\u00e1bado 6 de junio con los protocolos correspondientes.<\/p>\n<p>Guillermo Guti\u00e9rrez Carlos, Administrador de Plazas y Mercado, asegur\u00f3 que tambi\u00e9n se reforzaron los filtros sanitarios en cada acceso, donde se reparte gel antibacterial y se supervisa el uso obligatorio de cubrebocas. A quien no lo porte se le negar\u00e1 el acceso al inmueble, sin excepci\u00f3n.<\/p>\n<p>Indic\u00f3 que los comerciantes deben apegarse al horario de servicio de 9 de la ma\u00f1ana a 3 de la tarde y adoptar cada una de las medidas de seguridad.<\/p>\n<p>Finalmente llam\u00f3 a los ciudadanos a trabajar en unidad con las autoridades y atender las indicaciones para el cuidado de la salud p\u00fablica.<\/p>\n","protected":false},"excerpt":{"rendered":"<div class=\"mh-excerpt\"><p>El Mercado Municipal Benito Ju\u00e1rez se sum\u00f3 a las normas sanitarias de la Nueva Realidad con la instalaci\u00f3n de tapetes sanitizantes. En total se colocaron <a class=\"mh-excerpt-more\" href=\"https:\/\/raicesjerezanas.com\/?p=16753\" title=\"REFUERZAN MEDIDAS SANITARIAS EN EL MERCADO MUNICIPAL\">&#8230;<\/a><\/p>\n<\/div>","protected":false},"author":1,"featured_media":16754,"comment_status":"closed","ping_status":"closed","sticky":false,"template":"","format":"standard","meta":{"footnotes":""},"categories":[102],"tags":[],"class_list":["post-16753","post","type-post","status-publish","format-standard","has-post-thumbnail","hentry","category-noticias-de-jerez"],"_links":{"self":[{"href":"https:\/\/raicesjerezanas.com\/index.php?rest_route=\/wp\/v2\/posts\/16753","targetHints":{"allow":["GET"]}}],"collection":[{"href":"https:\/\/raicesjerezanas.com\/index.php?rest_route=\/wp\/v2\/posts"}],"about":[{"href":"https:\/\/raicesjerezanas.com\/index.php?rest_route=\/wp\/v2\/types\/post"}],"author":[{"embeddable":true,"href":"https:\/\/raicesjerezanas.com\/index.php?rest_route=\/wp\/v2\/users\/1"}],"replies":[{"embeddable":true,"href":"https:\/\/raicesjerezanas.com\/index.php?rest_route=%2Fwp%2Fv2%2Fcomments&post=16753"}],"version-history":[{"count":0,"href":"https:\/\/raicesjerezanas.com\/index.php?rest_route=\/wp\/v2\/posts\/16753\/revisions"}],"wp:featuredmedia":[{"embeddable":true,"href":"https:\/\/raicesjerezanas.com\/index.php?rest_route=\/wp\/v2\/media\/16754"}],"wp:attachment":[{"href":"https:\/\/raicesjerezanas.com\/index.php?rest_route=%2Fwp%2Fv2%2Fmedia&parent=16753"}],"wp:term":[{"taxonomy":"category","embeddable":true,"href":"https:\/\/raicesjerezanas.com\/index.php?rest_route=%2Fwp%2Fv2%2Fcategories&post=16753"},{"taxonomy":"post_tag","embeddable":true,"href":"https:\/\/raicesjerezanas.com\/index.php?rest_route=%2Fwp%2Fv2%2Ftags&post=16753"}],"curies":[{"name":"wp","href":"https:\/\/api.w.org\/{rel}","templated":true}]}}