{"id":16760,"date":"2020-06-08T20:09:43","date_gmt":"2020-06-09T01:09:43","guid":{"rendered":"https:\/\/raicesjerezanas.com\/?p=16760"},"modified":"2023-07-14T04:25:16","modified_gmt":"2023-07-14T04:25:16","slug":"en-funcionamiento-parcelas-demostrativas-en-campo-jerezano","status":"publish","type":"post","link":"https:\/\/raicesjerezanas.com\/?p=16760","title":{"rendered":"EN FUNCIONAMIENTO, PARCELAS DEMOSTRATIVAS EN CAMPO JEREZANO"},"content":{"rendered":"<p>Ya fueron sembradas las cuatro nuevas Parcelas Demostrativas en Jerez, como parte del compromiso del Gobierno de Antonio Aceves S\u00e1nchez con la tecnificaci\u00f3n del campo.<\/p>\n<p>En La Ca\u00f1ada, el Huejote, Ermita de Guadalupe y Ci\u00e9nega, participaron siete empresas de semillas y agroqu\u00edmicos, las cuales sembraron ocho distintas variedades en los predios de tres hect\u00e1reas cada uno.<\/p>\n<p>Ram\u00f3n Luj\u00e1n Casas, Jefe del Departamento de Desarrollo Agropecuario, detall\u00f3 que en este ciclo agr\u00edcola Primavera-Verano 2020 se cuenta con parcelas tecnificadas que tendr\u00e1n diversificaci\u00f3n de objetivos en cada cultivo, ya sea para forraje o grano, seg\u00fan las necesidades del productor.<\/p>\n<p>El objetivo es que el presente a\u00f1o supere los resultados del 2019, por lo que se pondr\u00e1 especial atenci\u00f3n a todos los procedimientos indicados por las empresas para alcanzar las metas y contribuir a una mayor proyecci\u00f3n del campo jerezano.<\/p>\n","protected":false},"excerpt":{"rendered":"<div class=\"mh-excerpt\"><p>Ya fueron sembradas las cuatro nuevas Parcelas Demostrativas en Jerez, como parte del compromiso del Gobierno de Antonio Aceves S\u00e1nchez con la tecnificaci\u00f3n del campo. <a class=\"mh-excerpt-more\" href=\"https:\/\/raicesjerezanas.com\/?p=16760\" title=\"EN FUNCIONAMIENTO, PARCELAS DEMOSTRATIVAS EN CAMPO JEREZANO\">&#8230;<\/a><\/p>\n<\/div>","protected":false},"author":1,"featured_media":16761,"comment_status":"closed","ping_status":"closed","sticky":false,"template":"","format":"standard","meta":{"footnotes":""},"categories":[102],"tags":[],"class_list":["post-16760","post","type-post","status-publish","format-standard","has-post-thumbnail","hentry","category-noticias-de-jerez"],"_links":{"self":[{"href":"https:\/\/raicesjerezanas.com\/index.php?rest_route=\/wp\/v2\/posts\/16760","targetHints":{"allow":["GET"]}}],"collection":[{"href":"https:\/\/raicesjerezanas.com\/index.php?rest_route=\/wp\/v2\/posts"}],"about":[{"href":"https:\/\/raicesjerezanas.com\/index.php?rest_route=\/wp\/v2\/types\/post"}],"author":[{"embeddable":true,"href":"https:\/\/raicesjerezanas.com\/index.php?rest_route=\/wp\/v2\/users\/1"}],"replies":[{"embeddable":true,"href":"https:\/\/raicesjerezanas.com\/index.php?rest_route=%2Fwp%2Fv2%2Fcomments&post=16760"}],"version-history":[{"count":0,"href":"https:\/\/raicesjerezanas.com\/index.php?rest_route=\/wp\/v2\/posts\/16760\/revisions"}],"wp:featuredmedia":[{"embeddable":true,"href":"https:\/\/raicesjerezanas.com\/index.php?rest_route=\/wp\/v2\/media\/16761"}],"wp:attachment":[{"href":"https:\/\/raicesjerezanas.com\/index.php?rest_route=%2Fwp%2Fv2%2Fmedia&parent=16760"}],"wp:term":[{"taxonomy":"category","embeddable":true,"href":"https:\/\/raicesjerezanas.com\/index.php?rest_route=%2Fwp%2Fv2%2Fcategories&post=16760"},{"taxonomy":"post_tag","embeddable":true,"href":"https:\/\/raicesjerezanas.com\/index.php?rest_route=%2Fwp%2Fv2%2Ftags&post=16760"}],"curies":[{"name":"wp","href":"https:\/\/api.w.org\/{rel}","templated":true}]}}