{"id":16762,"date":"2020-06-08T20:15:34","date_gmt":"2020-06-09T01:15:34","guid":{"rendered":"https:\/\/raicesjerezanas.com\/?p=16762"},"modified":"2023-07-14T04:25:16","modified_gmt":"2023-07-14T04:25:16","slug":"mercado-de-comidas-retoma-servicio-al-publico","status":"publish","type":"post","link":"https:\/\/raicesjerezanas.com\/?p=16762","title":{"rendered":"MERCADO DE COMIDAS RETOMA SERVICIO AL P\u00daBLICO"},"content":{"rendered":"<p>La Administraci\u00f3n de Plazas y Mercado reapertura la zona de Comidas del Mercado Municipal Benito Ju\u00e1rez, en la que se privilegiar\u00e1n las medidas preventivas durante esta etapa de la contingencia sanitaria.<\/p>\n<p>Previamente, se realizaron trabajos de fumigaci\u00f3n y rehabilitaci\u00f3n para que el espacio estuviera en \u00f3ptimas condiciones y recibir a la clientela tras m\u00e1s de dos meses de permanecer cerrado.<\/p>\n<p>Entre los trabajos estuvieron reparaci\u00f3n de fugas de agua, reemplazo de azulejos, arreglo de desperfectos en muros y pisos, adem\u00e1s de lo correspondiente a la sanitizaci\u00f3n para evitar plagas.<\/p>\n<p>El Administrador Guillermo Guti\u00e9rrez Carlos, manifest\u00f3 que se lleg\u00f3 a un buen acuerdo con los m\u00e1s de 20 locatarios para respetar los protocolos sanitarios y evitar focos de infecci\u00f3n de COVID-19.<\/p>\n<p>Invit\u00f3 a los usuarios a adaptarse a las instrucciones y respetar la sana distancia, acudir una sola persona por familia, adem\u00e1s de usar cubrebocas, gel antibacterial y los tapetes sanitizantes del inmueble.<\/p>\n","protected":false},"excerpt":{"rendered":"<div class=\"mh-excerpt\"><p>La Administraci\u00f3n de Plazas y Mercado reapertura la zona de Comidas del Mercado Municipal Benito Ju\u00e1rez, en la que se privilegiar\u00e1n las medidas preventivas durante <a class=\"mh-excerpt-more\" href=\"https:\/\/raicesjerezanas.com\/?p=16762\" title=\"MERCADO DE COMIDAS RETOMA SERVICIO AL P\u00daBLICO\">&#8230;<\/a><\/p>\n<\/div>","protected":false},"author":1,"featured_media":16763,"comment_status":"closed","ping_status":"closed","sticky":false,"template":"","format":"standard","meta":{"footnotes":""},"categories":[102],"tags":[],"class_list":["post-16762","post","type-post","status-publish","format-standard","has-post-thumbnail","hentry","category-noticias-de-jerez"],"_links":{"self":[{"href":"https:\/\/raicesjerezanas.com\/index.php?rest_route=\/wp\/v2\/posts\/16762","targetHints":{"allow":["GET"]}}],"collection":[{"href":"https:\/\/raicesjerezanas.com\/index.php?rest_route=\/wp\/v2\/posts"}],"about":[{"href":"https:\/\/raicesjerezanas.com\/index.php?rest_route=\/wp\/v2\/types\/post"}],"author":[{"embeddable":true,"href":"https:\/\/raicesjerezanas.com\/index.php?rest_route=\/wp\/v2\/users\/1"}],"replies":[{"embeddable":true,"href":"https:\/\/raicesjerezanas.com\/index.php?rest_route=%2Fwp%2Fv2%2Fcomments&post=16762"}],"version-history":[{"count":0,"href":"https:\/\/raicesjerezanas.com\/index.php?rest_route=\/wp\/v2\/posts\/16762\/revisions"}],"wp:featuredmedia":[{"embeddable":true,"href":"https:\/\/raicesjerezanas.com\/index.php?rest_route=\/wp\/v2\/media\/16763"}],"wp:attachment":[{"href":"https:\/\/raicesjerezanas.com\/index.php?rest_route=%2Fwp%2Fv2%2Fmedia&parent=16762"}],"wp:term":[{"taxonomy":"category","embeddable":true,"href":"https:\/\/raicesjerezanas.com\/index.php?rest_route=%2Fwp%2Fv2%2Fcategories&post=16762"},{"taxonomy":"post_tag","embeddable":true,"href":"https:\/\/raicesjerezanas.com\/index.php?rest_route=%2Fwp%2Fv2%2Ftags&post=16762"}],"curies":[{"name":"wp","href":"https:\/\/api.w.org\/{rel}","templated":true}]}}