{"id":16764,"date":"2020-06-09T16:09:13","date_gmt":"2020-06-09T21:09:13","guid":{"rendered":"https:\/\/raicesjerezanas.com\/?p=16764"},"modified":"2023-07-14T04:25:16","modified_gmt":"2023-07-14T04:25:16","slug":"realizan-trabajos-de-bacheo-en-la-zona-centro","status":"publish","type":"post","link":"https:\/\/raicesjerezanas.com\/?p=16764","title":{"rendered":"REALIZAN TRABAJOS DE BACHEO EN LA ZONA CENTRO"},"content":{"rendered":"<p>El Gobierno Municipal de Jerez a trav\u00e9s de la Direcci\u00f3n de Obras y Servicios P\u00fablicos, realiza labores de mantenimiento a las calles y vialidades m\u00e1s concurridas de la cabecera.<\/p>\n<p>Desde el Departamento de Bacheo, se atendieron las calles Rosales, Del Gusto y De las Flores, que son algunas de las m\u00e1s reportadas por la ciudadan\u00eda por baches y otros desperfectos que dificultan el tr\u00e1nsito vehicular y peatonal.<\/p>\n<p>Las labores consistieron en resanar con cemento baches menores, rehabilitaci\u00f3n de tramos completos con levantamiento de loza y la nivelaci\u00f3n pertinente.<\/p>\n<p>La estrategia continuar\u00e1 en distintos puntos de la ciudad, donde aleatoriamente se intervienen banquetas y guarniciones, adem\u00e1s de la construcci\u00f3n de topes.<\/p>\n<p>Se hace un llamado a la ciudadan\u00eda a respetar los trabajos reci\u00e9n realizados para que sean m\u00e1s duraderos.<\/p>\n","protected":false},"excerpt":{"rendered":"<div class=\"mh-excerpt\"><p>El Gobierno Municipal de Jerez a trav\u00e9s de la Direcci\u00f3n de Obras y Servicios P\u00fablicos, realiza labores de mantenimiento a las calles y vialidades m\u00e1s <a class=\"mh-excerpt-more\" href=\"https:\/\/raicesjerezanas.com\/?p=16764\" title=\"REALIZAN TRABAJOS DE BACHEO EN LA ZONA CENTRO\">&#8230;<\/a><\/p>\n<\/div>","protected":false},"author":1,"featured_media":16765,"comment_status":"closed","ping_status":"closed","sticky":false,"template":"","format":"standard","meta":{"footnotes":""},"categories":[102],"tags":[],"class_list":["post-16764","post","type-post","status-publish","format-standard","has-post-thumbnail","hentry","category-noticias-de-jerez"],"_links":{"self":[{"href":"https:\/\/raicesjerezanas.com\/index.php?rest_route=\/wp\/v2\/posts\/16764","targetHints":{"allow":["GET"]}}],"collection":[{"href":"https:\/\/raicesjerezanas.com\/index.php?rest_route=\/wp\/v2\/posts"}],"about":[{"href":"https:\/\/raicesjerezanas.com\/index.php?rest_route=\/wp\/v2\/types\/post"}],"author":[{"embeddable":true,"href":"https:\/\/raicesjerezanas.com\/index.php?rest_route=\/wp\/v2\/users\/1"}],"replies":[{"embeddable":true,"href":"https:\/\/raicesjerezanas.com\/index.php?rest_route=%2Fwp%2Fv2%2Fcomments&post=16764"}],"version-history":[{"count":0,"href":"https:\/\/raicesjerezanas.com\/index.php?rest_route=\/wp\/v2\/posts\/16764\/revisions"}],"wp:featuredmedia":[{"embeddable":true,"href":"https:\/\/raicesjerezanas.com\/index.php?rest_route=\/wp\/v2\/media\/16765"}],"wp:attachment":[{"href":"https:\/\/raicesjerezanas.com\/index.php?rest_route=%2Fwp%2Fv2%2Fmedia&parent=16764"}],"wp:term":[{"taxonomy":"category","embeddable":true,"href":"https:\/\/raicesjerezanas.com\/index.php?rest_route=%2Fwp%2Fv2%2Fcategories&post=16764"},{"taxonomy":"post_tag","embeddable":true,"href":"https:\/\/raicesjerezanas.com\/index.php?rest_route=%2Fwp%2Fv2%2Ftags&post=16764"}],"curies":[{"name":"wp","href":"https:\/\/api.w.org\/{rel}","templated":true}]}}