{"id":16768,"date":"2020-06-10T22:00:39","date_gmt":"2020-06-11T03:00:39","guid":{"rendered":"https:\/\/raicesjerezanas.com\/?p=16768"},"modified":"2023-07-14T04:25:15","modified_gmt":"2023-07-14T04:25:15","slug":"atienden-positivamente-indicaciones-de-movilidad-en-jerez","status":"publish","type":"post","link":"https:\/\/raicesjerezanas.com\/?p=16768","title":{"rendered":"ATIENDEN POSITIVAMENTE INDICACIONES DE MOVILIDAD EN JEREZ"},"content":{"rendered":"<p>En trabajo conjunto entre autoridades y ciudadanos, se ha logrado reducir la movilidad peatonal y vehicular en el centro de Jerez despu\u00e9s de las 3 de la tarde.<\/p>\n<p>Esto bajo las estrategias de prevenci\u00f3n establecidas por el Gobierno de Antonio Aceves S\u00e1nchez para combatir la pandemia del COVID-19, que comenzaron con el cierre del primer cuadro a partir de dicho horario.<\/p>\n<p>Desde el inicio, se ha detectado que entre las 11:00 y 14:00 horas se da el mayor flujo del d\u00eda, mismo que se reduce una vez limitado el acceso al centro.<\/p>\n<p>Esta suspensi\u00f3n se mantiene hasta las 22:00 horas y no ha sido necesario apercibir a ning\u00fan ciudadano, ya que han dado seguimiento puntual a la indicaci\u00f3n.<\/p>\n<p>Los negocios escenciales y no escenciales tambi\u00e9n acatan los protocolos de la Nueva Realidad, con el cierre en el horario establecido y la promoci\u00f3n de medidas preventivas tanto en sus trabajadores como en la clientela.<\/p>\n<p>En este sentido se hace un llamado a los transe\u00fantes a usar cubrebocas en todo momento mientras circulen por la v\u00eda p\u00fablica, de lo contrario, se les negar\u00e1 el acceso a establecimientos y adem\u00e1s podr\u00edan poner en riesgo su salud.<\/p>\n<p>Asimismo, se han recibido diversos reportes sobre convivios y consumo de bebidas alcoh\u00f3licas en domicilios particulares, por lo que se reitera la recomendaci\u00f3n de no reunirse para evitar focos de contagio del virus.<\/p>\n","protected":false},"excerpt":{"rendered":"<div class=\"mh-excerpt\"><p>En trabajo conjunto entre autoridades y ciudadanos, se ha logrado reducir la movilidad peatonal y vehicular en el centro de Jerez despu\u00e9s de las 3 <a class=\"mh-excerpt-more\" href=\"https:\/\/raicesjerezanas.com\/?p=16768\" title=\"ATIENDEN POSITIVAMENTE INDICACIONES DE MOVILIDAD EN JEREZ\">&#8230;<\/a><\/p>\n<\/div>","protected":false},"author":1,"featured_media":16770,"comment_status":"closed","ping_status":"closed","sticky":false,"template":"","format":"standard","meta":{"footnotes":""},"categories":[102],"tags":[],"class_list":["post-16768","post","type-post","status-publish","format-standard","has-post-thumbnail","hentry","category-noticias-de-jerez"],"_links":{"self":[{"href":"https:\/\/raicesjerezanas.com\/index.php?rest_route=\/wp\/v2\/posts\/16768","targetHints":{"allow":["GET"]}}],"collection":[{"href":"https:\/\/raicesjerezanas.com\/index.php?rest_route=\/wp\/v2\/posts"}],"about":[{"href":"https:\/\/raicesjerezanas.com\/index.php?rest_route=\/wp\/v2\/types\/post"}],"author":[{"embeddable":true,"href":"https:\/\/raicesjerezanas.com\/index.php?rest_route=\/wp\/v2\/users\/1"}],"replies":[{"embeddable":true,"href":"https:\/\/raicesjerezanas.com\/index.php?rest_route=%2Fwp%2Fv2%2Fcomments&post=16768"}],"version-history":[{"count":0,"href":"https:\/\/raicesjerezanas.com\/index.php?rest_route=\/wp\/v2\/posts\/16768\/revisions"}],"wp:featuredmedia":[{"embeddable":true,"href":"https:\/\/raicesjerezanas.com\/index.php?rest_route=\/wp\/v2\/media\/16770"}],"wp:attachment":[{"href":"https:\/\/raicesjerezanas.com\/index.php?rest_route=%2Fwp%2Fv2%2Fmedia&parent=16768"}],"wp:term":[{"taxonomy":"category","embeddable":true,"href":"https:\/\/raicesjerezanas.com\/index.php?rest_route=%2Fwp%2Fv2%2Fcategories&post=16768"},{"taxonomy":"post_tag","embeddable":true,"href":"https:\/\/raicesjerezanas.com\/index.php?rest_route=%2Fwp%2Fv2%2Ftags&post=16768"}],"curies":[{"name":"wp","href":"https:\/\/api.w.org\/{rel}","templated":true}]}}