{"id":16773,"date":"2020-06-11T15:30:09","date_gmt":"2020-06-11T20:30:09","guid":{"rendered":"https:\/\/raicesjerezanas.com\/?p=16773"},"modified":"2023-07-14T04:25:15","modified_gmt":"2023-07-14T04:25:15","slug":"dan-seguimiento-a-demandas-de-violencia-familiar-durante-la-contingencia","status":"publish","type":"post","link":"https:\/\/raicesjerezanas.com\/?p=16773","title":{"rendered":"DAN SEGUIMIENTO A DEMANDAS DE VIOLENCIA FAMILIAR DURANTE LA CONTINGENCIA"},"content":{"rendered":"<p>Desde el \u00c1rea Jur\u00eddica del DIF Municipal de Jerez se atienden oportunamente los cuatro casos de violencia intrafamiliar registrados durante la contingencia sanitaria por el COVID-19.<\/p>\n<p>Carlos F\u00e9lix Carrillo, encargado del equipo de Abogados, precis\u00f3 que cada caso fue acompa\u00f1ado en las guardias del Ministerio P\u00fablico para garantizar la integridad f\u00edsica y emocional de las v\u00edctimas.<\/p>\n<p>Asimismo destac\u00f3 que el \u00e1rea no ha interrumpido labores, y continuar\u00e1 con su servicio de lunes a viernes de 9 am a 3 pm.<\/p>\n<p>Respecto a los casos en proceso de litigio, espec\u00edfico que suman 180 expedientes y 250 tutor\u00edas a los que el DIF Municipal da puntual seguimiento con el compromiso de generar bienestar para los involucrados.<\/p>\n","protected":false},"excerpt":{"rendered":"<div class=\"mh-excerpt\"><p>Desde el \u00c1rea Jur\u00eddica del DIF Municipal de Jerez se atienden oportunamente los cuatro casos de violencia intrafamiliar registrados durante la contingencia sanitaria por el <a class=\"mh-excerpt-more\" href=\"https:\/\/raicesjerezanas.com\/?p=16773\" title=\"DAN SEGUIMIENTO A DEMANDAS DE VIOLENCIA FAMILIAR DURANTE LA CONTINGENCIA\">&#8230;<\/a><\/p>\n<\/div>","protected":false},"author":1,"featured_media":16774,"comment_status":"closed","ping_status":"closed","sticky":false,"template":"","format":"standard","meta":{"footnotes":""},"categories":[102],"tags":[],"class_list":["post-16773","post","type-post","status-publish","format-standard","has-post-thumbnail","hentry","category-noticias-de-jerez"],"_links":{"self":[{"href":"https:\/\/raicesjerezanas.com\/index.php?rest_route=\/wp\/v2\/posts\/16773","targetHints":{"allow":["GET"]}}],"collection":[{"href":"https:\/\/raicesjerezanas.com\/index.php?rest_route=\/wp\/v2\/posts"}],"about":[{"href":"https:\/\/raicesjerezanas.com\/index.php?rest_route=\/wp\/v2\/types\/post"}],"author":[{"embeddable":true,"href":"https:\/\/raicesjerezanas.com\/index.php?rest_route=\/wp\/v2\/users\/1"}],"replies":[{"embeddable":true,"href":"https:\/\/raicesjerezanas.com\/index.php?rest_route=%2Fwp%2Fv2%2Fcomments&post=16773"}],"version-history":[{"count":0,"href":"https:\/\/raicesjerezanas.com\/index.php?rest_route=\/wp\/v2\/posts\/16773\/revisions"}],"wp:featuredmedia":[{"embeddable":true,"href":"https:\/\/raicesjerezanas.com\/index.php?rest_route=\/wp\/v2\/media\/16774"}],"wp:attachment":[{"href":"https:\/\/raicesjerezanas.com\/index.php?rest_route=%2Fwp%2Fv2%2Fmedia&parent=16773"}],"wp:term":[{"taxonomy":"category","embeddable":true,"href":"https:\/\/raicesjerezanas.com\/index.php?rest_route=%2Fwp%2Fv2%2Fcategories&post=16773"},{"taxonomy":"post_tag","embeddable":true,"href":"https:\/\/raicesjerezanas.com\/index.php?rest_route=%2Fwp%2Fv2%2Ftags&post=16773"}],"curies":[{"name":"wp","href":"https:\/\/api.w.org\/{rel}","templated":true}]}}