{"id":16775,"date":"2020-06-12T22:18:37","date_gmt":"2020-06-13T03:18:37","guid":{"rendered":"https:\/\/raicesjerezanas.com\/?p=16775"},"modified":"2023-07-14T04:25:15","modified_gmt":"2023-07-14T04:25:15","slug":"entregan-uniformes-a-personal-de-proteccion-civil","status":"publish","type":"post","link":"https:\/\/raicesjerezanas.com\/?p=16775","title":{"rendered":"ENTREGAN UNIFORMES A PERSONAL DE PROTECCI\u00d3N CIVIL"},"content":{"rendered":"<p>Con el objetivo de fortalecer la identidad de Protecci\u00f3n Civil y Gesti\u00f3n de Emergencias en Jerez, Antonio Aceves S\u00e1nchez entreg\u00f3 uniformes al personal de las diferentes \u00e1reas de la corporaci\u00f3n.<\/p>\n<p>El Alcalde agradeci\u00f3 el esfuerzo y la labor loable del equipo, y los invit\u00f3 a continuar con las capacitaciones que les permitan atender los llamados de la poblaci\u00f3n, en especial durante la contingencia sanitaria.<\/p>\n<p>La indumentaria consta de camisa, pantal\u00f3n y playera con escudos oficiales, con lo que se busca identificarse debidamente ante la gente y cumplir las normas de uniformidad.<\/p>\n<p>En la entrega se present\u00f3 a nuevo personal especializado en T\u00e9cnica en Emergencias M\u00e9dicas, Param\u00e9dicos y Bomberos, que se incorporan a la corporaci\u00f3n en cumplimiento al compromiso de contar con m\u00e1s elementos certificados.<\/p>\n<p>Tambi\u00e9n estuvieron presentes el Secretario de Gobierno Liborio Carrillo Castro y el Coordinador de PC Roberto Rosales Col\u00f3n.<\/p>\n","protected":false},"excerpt":{"rendered":"<div class=\"mh-excerpt\"><p>Con el objetivo de fortalecer la identidad de Protecci\u00f3n Civil y Gesti\u00f3n de Emergencias en Jerez, Antonio Aceves S\u00e1nchez entreg\u00f3 uniformes al personal de las <a class=\"mh-excerpt-more\" href=\"https:\/\/raicesjerezanas.com\/?p=16775\" title=\"ENTREGAN UNIFORMES A PERSONAL DE PROTECCI\u00d3N CIVIL\">&#8230;<\/a><\/p>\n<\/div>","protected":false},"author":1,"featured_media":16776,"comment_status":"closed","ping_status":"closed","sticky":false,"template":"","format":"standard","meta":{"footnotes":""},"categories":[102],"tags":[],"class_list":["post-16775","post","type-post","status-publish","format-standard","has-post-thumbnail","hentry","category-noticias-de-jerez"],"_links":{"self":[{"href":"https:\/\/raicesjerezanas.com\/index.php?rest_route=\/wp\/v2\/posts\/16775","targetHints":{"allow":["GET"]}}],"collection":[{"href":"https:\/\/raicesjerezanas.com\/index.php?rest_route=\/wp\/v2\/posts"}],"about":[{"href":"https:\/\/raicesjerezanas.com\/index.php?rest_route=\/wp\/v2\/types\/post"}],"author":[{"embeddable":true,"href":"https:\/\/raicesjerezanas.com\/index.php?rest_route=\/wp\/v2\/users\/1"}],"replies":[{"embeddable":true,"href":"https:\/\/raicesjerezanas.com\/index.php?rest_route=%2Fwp%2Fv2%2Fcomments&post=16775"}],"version-history":[{"count":0,"href":"https:\/\/raicesjerezanas.com\/index.php?rest_route=\/wp\/v2\/posts\/16775\/revisions"}],"wp:featuredmedia":[{"embeddable":true,"href":"https:\/\/raicesjerezanas.com\/index.php?rest_route=\/wp\/v2\/media\/16776"}],"wp:attachment":[{"href":"https:\/\/raicesjerezanas.com\/index.php?rest_route=%2Fwp%2Fv2%2Fmedia&parent=16775"}],"wp:term":[{"taxonomy":"category","embeddable":true,"href":"https:\/\/raicesjerezanas.com\/index.php?rest_route=%2Fwp%2Fv2%2Fcategories&post=16775"},{"taxonomy":"post_tag","embeddable":true,"href":"https:\/\/raicesjerezanas.com\/index.php?rest_route=%2Fwp%2Fv2%2Ftags&post=16775"}],"curies":[{"name":"wp","href":"https:\/\/api.w.org\/{rel}","templated":true}]}}