{"id":16781,"date":"2020-06-14T16:08:26","date_gmt":"2020-06-14T21:08:26","guid":{"rendered":"https:\/\/raicesjerezanas.com\/?p=16781"},"modified":"2023-07-14T04:25:14","modified_gmt":"2023-07-14T04:25:14","slug":"a-la-baja-movilidad-en-el-primer-cuadro-de-jerez","status":"publish","type":"post","link":"https:\/\/raicesjerezanas.com\/?p=16781","title":{"rendered":"A LA BAJA, MOVILIDAD EN EL PRIMER CUADRO DE JEREZ"},"content":{"rendered":"<p>En seguimiento al plan de acci\u00f3n del Gobierno de Antonio Aceves S\u00e1nchez, contin\u00faan los operativos de vigilancia en Jerez para que se cumplan las medidas preventivas contra el COVID-19.<\/p>\n<p>En el segundo fin de semana con la Nueva Realidad, se estima que la movilidad peatonal y vehicular disminuy\u00f3 un 30%.<\/p>\n<p>Nazario Oseguera Grada, Director de Seguridad P\u00fablica Municipal, precis\u00f3 que adem\u00e1s de mantener en funcionamiento los tres filtros de seguridad y el cierre del primer cuadro a las 3 de la tarde, se reforz\u00f3 la vigilancia del no consumo de alcohol en la v\u00eda p\u00fablica.<\/p>\n<p>Elementos de Seguridad trabajaron en disuadir grupos de m\u00e1s de 15 personas; a la par se desplegaron rondines en las colonias de la periferia y se atendieron los reportes relacionados.<\/p>\n<p>En el Tianguis Dominical y el Mercado Municipal Benito Ju\u00e1rez, tambi\u00e9n se mantienen las medidas higi\u00e9nicas que tanto comerciantes como clientes han atendido responsablemente.<\/p>\n<p>La Polic\u00eda de Seguridad Vial colabor\u00f3 con operativos desde temprana hora el fin de semana para agilizar el tr\u00e1nsito en ambos puntos de venta y evitar aglomeraciones que comprometan la salud de los ciudadanos.<\/p>\n","protected":false},"excerpt":{"rendered":"<div class=\"mh-excerpt\"><p>En seguimiento al plan de acci\u00f3n del Gobierno de Antonio Aceves S\u00e1nchez, contin\u00faan los operativos de vigilancia en Jerez para que se cumplan las medidas <a class=\"mh-excerpt-more\" href=\"https:\/\/raicesjerezanas.com\/?p=16781\" title=\"A LA BAJA, MOVILIDAD EN EL PRIMER CUADRO DE JEREZ\">&#8230;<\/a><\/p>\n<\/div>","protected":false},"author":1,"featured_media":16782,"comment_status":"closed","ping_status":"closed","sticky":false,"template":"","format":"standard","meta":{"footnotes":""},"categories":[102],"tags":[],"class_list":["post-16781","post","type-post","status-publish","format-standard","has-post-thumbnail","hentry","category-noticias-de-jerez"],"_links":{"self":[{"href":"https:\/\/raicesjerezanas.com\/index.php?rest_route=\/wp\/v2\/posts\/16781","targetHints":{"allow":["GET"]}}],"collection":[{"href":"https:\/\/raicesjerezanas.com\/index.php?rest_route=\/wp\/v2\/posts"}],"about":[{"href":"https:\/\/raicesjerezanas.com\/index.php?rest_route=\/wp\/v2\/types\/post"}],"author":[{"embeddable":true,"href":"https:\/\/raicesjerezanas.com\/index.php?rest_route=\/wp\/v2\/users\/1"}],"replies":[{"embeddable":true,"href":"https:\/\/raicesjerezanas.com\/index.php?rest_route=%2Fwp%2Fv2%2Fcomments&post=16781"}],"version-history":[{"count":0,"href":"https:\/\/raicesjerezanas.com\/index.php?rest_route=\/wp\/v2\/posts\/16781\/revisions"}],"wp:featuredmedia":[{"embeddable":true,"href":"https:\/\/raicesjerezanas.com\/index.php?rest_route=\/wp\/v2\/media\/16782"}],"wp:attachment":[{"href":"https:\/\/raicesjerezanas.com\/index.php?rest_route=%2Fwp%2Fv2%2Fmedia&parent=16781"}],"wp:term":[{"taxonomy":"category","embeddable":true,"href":"https:\/\/raicesjerezanas.com\/index.php?rest_route=%2Fwp%2Fv2%2Fcategories&post=16781"},{"taxonomy":"post_tag","embeddable":true,"href":"https:\/\/raicesjerezanas.com\/index.php?rest_route=%2Fwp%2Fv2%2Ftags&post=16781"}],"curies":[{"name":"wp","href":"https:\/\/api.w.org\/{rel}","templated":true}]}}