{"id":16783,"date":"2020-06-14T16:17:13","date_gmt":"2020-06-14T21:17:13","guid":{"rendered":"https:\/\/raicesjerezanas.com\/?p=16783"},"modified":"2023-07-14T04:25:14","modified_gmt":"2023-07-14T04:25:14","slug":"mas-paquetes-alimentarios-llegan-a-la-zona-rural-de-jerez","status":"publish","type":"post","link":"https:\/\/raicesjerezanas.com\/?p=16783","title":{"rendered":"M\u00c1S PAQUETES ALIMENTARIOS LLEGAN A LA ZONA RURAL DE JEREZ"},"content":{"rendered":"<p>El alcalde Antonio Aceves S\u00e1nchez contin\u00faa sus recorridos por la zona rural de Jerez para llevar Paquetes Alimentarios a las familias que m\u00e1s lo necesitan.<\/p>\n<p>190 familias afectadas econ\u00f3micamente durante la contingencia sanitaria por el COVID-19 se sumaron al padr\u00f3n de beneficiarios creado por el Ayuntamiento.<\/p>\n<p>A la fecha son m\u00e1s de 750 apoyos repartidos en distintas comunidades a comerciantes, m\u00fasicos, transportistas, adultos mayores, personas con discapacidad y jefas de familia.<\/p>\n<p>La semana concluy\u00f3 con visitas a Ermita de los Correa, Ermita de Los Murillo, La Orde\u00f1a, El Naranjal, San Cayetano, El Magueyito, Cieneguitas de Jerez, San Isidro del Salto y Estancia de los Garc\u00eda, donde Aceves S\u00e1nchez reiter\u00f3 su respaldo y compromiso con el bienestar de los jerezanos.<\/p>\n<p>Asegur\u00f3 que los Paquetes se reparten sin distinci\u00f3n y con base al registro de estudios socioecon\u00f3micos para garantizar que cada uno llegue a quien lo necesite.<\/p>\n","protected":false},"excerpt":{"rendered":"<div class=\"mh-excerpt\"><p>El alcalde Antonio Aceves S\u00e1nchez contin\u00faa sus recorridos por la zona rural de Jerez para llevar Paquetes Alimentarios a las familias que m\u00e1s lo necesitan. <a class=\"mh-excerpt-more\" href=\"https:\/\/raicesjerezanas.com\/?p=16783\" title=\"M\u00c1S PAQUETES ALIMENTARIOS LLEGAN A LA ZONA RURAL DE JEREZ\">&#8230;<\/a><\/p>\n<\/div>","protected":false},"author":1,"featured_media":16784,"comment_status":"closed","ping_status":"closed","sticky":false,"template":"","format":"standard","meta":{"footnotes":""},"categories":[102],"tags":[],"class_list":["post-16783","post","type-post","status-publish","format-standard","has-post-thumbnail","hentry","category-noticias-de-jerez"],"_links":{"self":[{"href":"https:\/\/raicesjerezanas.com\/index.php?rest_route=\/wp\/v2\/posts\/16783","targetHints":{"allow":["GET"]}}],"collection":[{"href":"https:\/\/raicesjerezanas.com\/index.php?rest_route=\/wp\/v2\/posts"}],"about":[{"href":"https:\/\/raicesjerezanas.com\/index.php?rest_route=\/wp\/v2\/types\/post"}],"author":[{"embeddable":true,"href":"https:\/\/raicesjerezanas.com\/index.php?rest_route=\/wp\/v2\/users\/1"}],"replies":[{"embeddable":true,"href":"https:\/\/raicesjerezanas.com\/index.php?rest_route=%2Fwp%2Fv2%2Fcomments&post=16783"}],"version-history":[{"count":0,"href":"https:\/\/raicesjerezanas.com\/index.php?rest_route=\/wp\/v2\/posts\/16783\/revisions"}],"wp:featuredmedia":[{"embeddable":true,"href":"https:\/\/raicesjerezanas.com\/index.php?rest_route=\/wp\/v2\/media\/16784"}],"wp:attachment":[{"href":"https:\/\/raicesjerezanas.com\/index.php?rest_route=%2Fwp%2Fv2%2Fmedia&parent=16783"}],"wp:term":[{"taxonomy":"category","embeddable":true,"href":"https:\/\/raicesjerezanas.com\/index.php?rest_route=%2Fwp%2Fv2%2Fcategories&post=16783"},{"taxonomy":"post_tag","embeddable":true,"href":"https:\/\/raicesjerezanas.com\/index.php?rest_route=%2Fwp%2Fv2%2Ftags&post=16783"}],"curies":[{"name":"wp","href":"https:\/\/api.w.org\/{rel}","templated":true}]}}