{"id":16791,"date":"2020-06-16T21:07:51","date_gmt":"2020-06-17T02:07:51","guid":{"rendered":"https:\/\/raicesjerezanas.com\/?p=16791"},"modified":"2023-07-14T04:25:13","modified_gmt":"2023-07-14T04:25:13","slug":"ahondan-en-vida-de-ramon-lopez-velarde-con-charla-virtual","status":"publish","type":"post","link":"https:\/\/raicesjerezanas.com\/?p=16791","title":{"rendered":"AHONDAN EN VIDA DE RAM\u00d3N LOPEZ VELARDE CON CHARLA VIRTUAL"},"content":{"rendered":"<p>En el segundo d\u00eda del Programa Cultural para conmemorar los 132 a\u00f1os del natalicio de Ram\u00f3n L\u00f3pez Velarde, el Gobierno Municipal de Jerez ofreci\u00f3 la charla virtual Carne y Hueso con el especialista Marco Antonio Flores Zavala, para ahondar en la vida del poeta.<\/p>\n<p>Como una aportaci\u00f3n tambi\u00e9n al prefestejo del Centenario Luctuoso del bardo jerezano, el docente e investigador de la Universidad Aut\u00f3noma de Zacatecas (UAZ),\u00a0 habl\u00f3 sobre las trayectorias personales y su amplia cultura desde las letras hasta las humanidades.<\/p>\n<p>M\u00e1s all\u00e1 del campo art\u00edstico describi\u00f3 las facetas de L\u00f3pez Velarde como estudiante, abogado, ciudadano, profesor, escritor en peri\u00f3dicos, servidor p\u00fablicos y actor pol\u00edtico con gran influencia en varias entidades del pa\u00eds desde los 25 a\u00f1os de edad.<\/p>\n<p>Asegur\u00f3 que una de sus m\u00e1s fascinantes etapas fue la que vivi\u00f3 en la Ciudad de M\u00e9xico, sumergido en la clase letrada y pol\u00edtica, y en contacto con el constitucionalismo del Gobierno de Venustiano Carranza, ya que desde siempre fue anti releccionista religioso.<\/p>\n<p>Si bien se dej\u00f3 seducir por la cultura urban\u00edstica del lugar, no se olvid\u00f3 de sus ra\u00edces de provincia por lo que la inmortaliz\u00f3 en sus poes\u00edas, y a Jerez como tierra de universalidades.<\/p>\n","protected":false},"excerpt":{"rendered":"<div class=\"mh-excerpt\"><p>En el segundo d\u00eda del Programa Cultural para conmemorar los 132 a\u00f1os del natalicio de Ram\u00f3n L\u00f3pez Velarde, el Gobierno Municipal de Jerez ofreci\u00f3 la <a class=\"mh-excerpt-more\" href=\"https:\/\/raicesjerezanas.com\/?p=16791\" title=\"AHONDAN EN VIDA DE RAM\u00d3N LOPEZ VELARDE CON CHARLA VIRTUAL\">&#8230;<\/a><\/p>\n<\/div>","protected":false},"author":1,"featured_media":16792,"comment_status":"closed","ping_status":"closed","sticky":false,"template":"","format":"standard","meta":{"footnotes":""},"categories":[102],"tags":[],"class_list":["post-16791","post","type-post","status-publish","format-standard","has-post-thumbnail","hentry","category-noticias-de-jerez"],"_links":{"self":[{"href":"https:\/\/raicesjerezanas.com\/index.php?rest_route=\/wp\/v2\/posts\/16791","targetHints":{"allow":["GET"]}}],"collection":[{"href":"https:\/\/raicesjerezanas.com\/index.php?rest_route=\/wp\/v2\/posts"}],"about":[{"href":"https:\/\/raicesjerezanas.com\/index.php?rest_route=\/wp\/v2\/types\/post"}],"author":[{"embeddable":true,"href":"https:\/\/raicesjerezanas.com\/index.php?rest_route=\/wp\/v2\/users\/1"}],"replies":[{"embeddable":true,"href":"https:\/\/raicesjerezanas.com\/index.php?rest_route=%2Fwp%2Fv2%2Fcomments&post=16791"}],"version-history":[{"count":0,"href":"https:\/\/raicesjerezanas.com\/index.php?rest_route=\/wp\/v2\/posts\/16791\/revisions"}],"wp:featuredmedia":[{"embeddable":true,"href":"https:\/\/raicesjerezanas.com\/index.php?rest_route=\/wp\/v2\/media\/16792"}],"wp:attachment":[{"href":"https:\/\/raicesjerezanas.com\/index.php?rest_route=%2Fwp%2Fv2%2Fmedia&parent=16791"}],"wp:term":[{"taxonomy":"category","embeddable":true,"href":"https:\/\/raicesjerezanas.com\/index.php?rest_route=%2Fwp%2Fv2%2Fcategories&post=16791"},{"taxonomy":"post_tag","embeddable":true,"href":"https:\/\/raicesjerezanas.com\/index.php?rest_route=%2Fwp%2Fv2%2Ftags&post=16791"}],"curies":[{"name":"wp","href":"https:\/\/api.w.org\/{rel}","templated":true}]}}