{"id":16798,"date":"2020-06-17T17:49:43","date_gmt":"2020-06-17T22:49:43","guid":{"rendered":"https:\/\/raicesjerezanas.com\/?p=16798"},"modified":"2023-07-14T04:25:13","modified_gmt":"2023-07-14T04:25:13","slug":"regresan-las-caravanas-de-servicios-publicos-en-beneficio-de-los-jerezanos","status":"publish","type":"post","link":"https:\/\/raicesjerezanas.com\/?p=16798","title":{"rendered":"REGRESAN LAS CARAVANAS DE SERVICIOS P\u00daBLICOS EN BENEFICIO DE LOS JEREZANOS"},"content":{"rendered":"<p>Luego de pausar de manera obligatoria a causa de la contingencia sanitaria por el COVID-19, se retomaron las Caravanas de Servicios P\u00fablicos en beneficio de la zona rural de Jerez.<\/p>\n<p>En seguimiento al compromiso del Alcalde Antonio Aceves S\u00e1nchez de fortalecer los servicios p\u00fablicos, se visit\u00f3 la comunidad de El Tesorero con la Caravana n\u00famero 23.<\/p>\n<p>Ah\u00ed se realizaron trabajos de pintura en muros y accesos a la cancha de usos m\u00faltiples, l\u00edneas reglamentarias, tableros de b\u00e1squetbol, postes de v\u00f3leibol, as\u00ed como repintado, reparaci\u00f3n y soldadura de juegos infantiles.<\/p>\n<p>A solicitud de los habitantes hecha personalmente al Presidente, se reforest\u00f3 el \u00e1rea de usos m\u00faltiples con 20 \u00e1rboles tipo trueno, adem\u00e1s de trabajos de poda y limpia del espacio en su totalidad.<\/p>\n<p>Personal de la Subdirecci\u00f3n de Servicios P\u00fablicos tambi\u00e9n repar\u00f3 luminarias en distintos puntos y en la parroquia de la Ex Hacienda de El Tesorero, de la que se har\u00e1 un an\u00e1lisis para poder darle mantenimiento y preservar su historia.<\/p>\n<p>La actividad continuar\u00e1 en m\u00e1s colonias, fraccionamientos y comunidades de Jerez, en el objetivo de mejorar la imagen p\u00fablica y la calidad de vida de las familias jerezanas.<\/p>\n","protected":false},"excerpt":{"rendered":"<div class=\"mh-excerpt\"><p>Luego de pausar de manera obligatoria a causa de la contingencia sanitaria por el COVID-19, se retomaron las Caravanas de Servicios P\u00fablicos en beneficio de <a class=\"mh-excerpt-more\" href=\"https:\/\/raicesjerezanas.com\/?p=16798\" title=\"REGRESAN LAS CARAVANAS DE SERVICIOS P\u00daBLICOS EN BENEFICIO DE LOS JEREZANOS\">&#8230;<\/a><\/p>\n<\/div>","protected":false},"author":1,"featured_media":16799,"comment_status":"closed","ping_status":"closed","sticky":false,"template":"","format":"standard","meta":{"footnotes":""},"categories":[102],"tags":[],"class_list":["post-16798","post","type-post","status-publish","format-standard","has-post-thumbnail","hentry","category-noticias-de-jerez"],"_links":{"self":[{"href":"https:\/\/raicesjerezanas.com\/index.php?rest_route=\/wp\/v2\/posts\/16798","targetHints":{"allow":["GET"]}}],"collection":[{"href":"https:\/\/raicesjerezanas.com\/index.php?rest_route=\/wp\/v2\/posts"}],"about":[{"href":"https:\/\/raicesjerezanas.com\/index.php?rest_route=\/wp\/v2\/types\/post"}],"author":[{"embeddable":true,"href":"https:\/\/raicesjerezanas.com\/index.php?rest_route=\/wp\/v2\/users\/1"}],"replies":[{"embeddable":true,"href":"https:\/\/raicesjerezanas.com\/index.php?rest_route=%2Fwp%2Fv2%2Fcomments&post=16798"}],"version-history":[{"count":0,"href":"https:\/\/raicesjerezanas.com\/index.php?rest_route=\/wp\/v2\/posts\/16798\/revisions"}],"wp:featuredmedia":[{"embeddable":true,"href":"https:\/\/raicesjerezanas.com\/index.php?rest_route=\/wp\/v2\/media\/16799"}],"wp:attachment":[{"href":"https:\/\/raicesjerezanas.com\/index.php?rest_route=%2Fwp%2Fv2%2Fmedia&parent=16798"}],"wp:term":[{"taxonomy":"category","embeddable":true,"href":"https:\/\/raicesjerezanas.com\/index.php?rest_route=%2Fwp%2Fv2%2Fcategories&post=16798"},{"taxonomy":"post_tag","embeddable":true,"href":"https:\/\/raicesjerezanas.com\/index.php?rest_route=%2Fwp%2Fv2%2Ftags&post=16798"}],"curies":[{"name":"wp","href":"https:\/\/api.w.org\/{rel}","templated":true}]}}