{"id":16802,"date":"2020-06-18T18:08:31","date_gmt":"2020-06-18T23:08:31","guid":{"rendered":"https:\/\/raicesjerezanas.com\/?p=16802"},"modified":"2023-07-14T04:25:13","modified_gmt":"2023-07-14T04:25:13","slug":"prepara-paquete-de-obra-publica-para-jerez-por-15-mdp","status":"publish","type":"post","link":"https:\/\/raicesjerezanas.com\/?p=16802","title":{"rendered":"PREPARA PAQUETE DE OBRA P\u00daBLICA PARA JEREZ POR 15 MDP"},"content":{"rendered":"<p>El Gobierno de Antonio Aceves S\u00e1nchez prepara un nuevo paquete de obra p\u00fablica enfocada a infraestructura social b\u00e1sica, cuya inversi\u00f3n asciende a 15 millones de pesos.<\/p>\n<p>Octavio de la Torre Jim\u00e9nez, Director de Desarrollo Econ\u00f3mico y Social, coment\u00f3 que la administraci\u00f3n 2018-2021 da continuidad a las estrategias para abatir el rezago social con acciones que ayuden a erradicar las carencias de las y los jerezanos.<\/p>\n<p>Inform\u00f3 que est\u00e1 por culminar el proceso de integraci\u00f3n de expedientes de las 17 obras que posiblemente se ejecutar\u00e1n en julio y beneficiar\u00e1n a la zona rural y urbana.<\/p>\n<p>Explic\u00f3 que a ra\u00edz de la pandemia del COVID-19 se retrasaron los trabajos que debieron iniciar el pasado marzo, sin embargo continuar\u00e1n con recurso 100 por ciento municipal.<\/p>\n<p>Otros proyectos en puerta contemplan la segunda etapa de conducci\u00f3n de agua potable del pozo de Monte de los Garc\u00eda que abastecer\u00e1 las comunidades de Plan de Carrillo y Villahermosa, compromiso adquirido por Aceves S\u00e1nchez ante los habitantes de esos poblados que no cuentan con el vital l\u00edquido.<\/p>\n<p>Asimismo, se consideran domos para escuelas, pavimentaciones, drenaje y electrificaci\u00f3n, entre otros.<\/p>\n","protected":false},"excerpt":{"rendered":"<div class=\"mh-excerpt\"><p>El Gobierno de Antonio Aceves S\u00e1nchez prepara un nuevo paquete de obra p\u00fablica enfocada a infraestructura social b\u00e1sica, cuya inversi\u00f3n asciende a 15 millones de <a class=\"mh-excerpt-more\" href=\"https:\/\/raicesjerezanas.com\/?p=16802\" title=\"PREPARA PAQUETE DE OBRA P\u00daBLICA PARA JEREZ POR 15 MDP\">&#8230;<\/a><\/p>\n<\/div>","protected":false},"author":1,"featured_media":16803,"comment_status":"closed","ping_status":"closed","sticky":false,"template":"","format":"standard","meta":{"footnotes":""},"categories":[102],"tags":[],"class_list":["post-16802","post","type-post","status-publish","format-standard","has-post-thumbnail","hentry","category-noticias-de-jerez"],"_links":{"self":[{"href":"https:\/\/raicesjerezanas.com\/index.php?rest_route=\/wp\/v2\/posts\/16802","targetHints":{"allow":["GET"]}}],"collection":[{"href":"https:\/\/raicesjerezanas.com\/index.php?rest_route=\/wp\/v2\/posts"}],"about":[{"href":"https:\/\/raicesjerezanas.com\/index.php?rest_route=\/wp\/v2\/types\/post"}],"author":[{"embeddable":true,"href":"https:\/\/raicesjerezanas.com\/index.php?rest_route=\/wp\/v2\/users\/1"}],"replies":[{"embeddable":true,"href":"https:\/\/raicesjerezanas.com\/index.php?rest_route=%2Fwp%2Fv2%2Fcomments&post=16802"}],"version-history":[{"count":0,"href":"https:\/\/raicesjerezanas.com\/index.php?rest_route=\/wp\/v2\/posts\/16802\/revisions"}],"wp:featuredmedia":[{"embeddable":true,"href":"https:\/\/raicesjerezanas.com\/index.php?rest_route=\/wp\/v2\/media\/16803"}],"wp:attachment":[{"href":"https:\/\/raicesjerezanas.com\/index.php?rest_route=%2Fwp%2Fv2%2Fmedia&parent=16802"}],"wp:term":[{"taxonomy":"category","embeddable":true,"href":"https:\/\/raicesjerezanas.com\/index.php?rest_route=%2Fwp%2Fv2%2Fcategories&post=16802"},{"taxonomy":"post_tag","embeddable":true,"href":"https:\/\/raicesjerezanas.com\/index.php?rest_route=%2Fwp%2Fv2%2Ftags&post=16802"}],"curies":[{"name":"wp","href":"https:\/\/api.w.org\/{rel}","templated":true}]}}