{"id":16816,"date":"2020-06-22T16:41:47","date_gmt":"2020-06-22T21:41:47","guid":{"rendered":"https:\/\/raicesjerezanas.com\/?p=16816"},"modified":"2023-07-14T04:25:12","modified_gmt":"2023-07-14T04:25:12","slug":"continua-atencion-de-alumbrado-en-comunidades","status":"publish","type":"post","link":"https:\/\/raicesjerezanas.com\/?p=16816","title":{"rendered":"CONTIN\u00daA ATENCI\u00d3N DE ALUMBRADO EN COMUNIDADES"},"content":{"rendered":"<p>En respuesta a la solicitud de la comunidad de Lo de Luna, el Departamento de Alumbrado dio mantenimiento a una l\u00ednea de 10 l\u00e1mparas, con las que suman 126 reparadas en la zona rural en las \u00faltimas dos semanas.<\/p>\n<p>Bajo los esquemas de trabajo del \u00e1rea y las Caravanas de Servicios P\u00fablicos puestas en marcha por el Alcalde Antonio Aceves S\u00e1nchez, se han mejorado las l\u00edneas el\u00e9ctricas en 14 comunidades durante la contingencia.<\/p>\n<p>A la par tambi\u00e9n se emprendieron servicios de pintura y bacheo en distintos puntos de comunidad, en el cometido de mejorar la calidad de vida de las familias.<\/p>\n<p>Durante esta semana las cuadrillas de trabajadores atender\u00e1n Los Mota y El Moral, tras visitar El Naranjal, Parral de la Huertas, El Cargadero, Los F\u00e9lix, La Orde\u00f1a, Brise\u00f1o, Los Nogales, Los Haro, Los Ju\u00e1rez, El Tesorero, Puerta de Chula, Jomulquillo y San Isidro del Salto.<\/p>\n","protected":false},"excerpt":{"rendered":"<div class=\"mh-excerpt\"><p>En respuesta a la solicitud de la comunidad de Lo de Luna, el Departamento de Alumbrado dio mantenimiento a una l\u00ednea de 10 l\u00e1mparas, con <a class=\"mh-excerpt-more\" href=\"https:\/\/raicesjerezanas.com\/?p=16816\" title=\"CONTIN\u00daA ATENCI\u00d3N DE ALUMBRADO EN COMUNIDADES\">&#8230;<\/a><\/p>\n<\/div>","protected":false},"author":1,"featured_media":16817,"comment_status":"closed","ping_status":"closed","sticky":false,"template":"","format":"standard","meta":{"footnotes":""},"categories":[102],"tags":[],"class_list":["post-16816","post","type-post","status-publish","format-standard","has-post-thumbnail","hentry","category-noticias-de-jerez"],"_links":{"self":[{"href":"https:\/\/raicesjerezanas.com\/index.php?rest_route=\/wp\/v2\/posts\/16816","targetHints":{"allow":["GET"]}}],"collection":[{"href":"https:\/\/raicesjerezanas.com\/index.php?rest_route=\/wp\/v2\/posts"}],"about":[{"href":"https:\/\/raicesjerezanas.com\/index.php?rest_route=\/wp\/v2\/types\/post"}],"author":[{"embeddable":true,"href":"https:\/\/raicesjerezanas.com\/index.php?rest_route=\/wp\/v2\/users\/1"}],"replies":[{"embeddable":true,"href":"https:\/\/raicesjerezanas.com\/index.php?rest_route=%2Fwp%2Fv2%2Fcomments&post=16816"}],"version-history":[{"count":0,"href":"https:\/\/raicesjerezanas.com\/index.php?rest_route=\/wp\/v2\/posts\/16816\/revisions"}],"wp:featuredmedia":[{"embeddable":true,"href":"https:\/\/raicesjerezanas.com\/index.php?rest_route=\/wp\/v2\/media\/16817"}],"wp:attachment":[{"href":"https:\/\/raicesjerezanas.com\/index.php?rest_route=%2Fwp%2Fv2%2Fmedia&parent=16816"}],"wp:term":[{"taxonomy":"category","embeddable":true,"href":"https:\/\/raicesjerezanas.com\/index.php?rest_route=%2Fwp%2Fv2%2Fcategories&post=16816"},{"taxonomy":"post_tag","embeddable":true,"href":"https:\/\/raicesjerezanas.com\/index.php?rest_route=%2Fwp%2Fv2%2Ftags&post=16816"}],"curies":[{"name":"wp","href":"https:\/\/api.w.org\/{rel}","templated":true}]}}