{"id":16820,"date":"2020-06-23T18:27:04","date_gmt":"2020-06-23T23:27:04","guid":{"rendered":"https:\/\/raicesjerezanas.com\/?p=16820"},"modified":"2023-07-14T04:25:11","modified_gmt":"2023-07-14T04:25:11","slug":"entrega-dif-municipal-aparatos-funcionales-y-panales","status":"publish","type":"post","link":"https:\/\/raicesjerezanas.com\/?p=16820","title":{"rendered":"ENTREGA DIF MUNICIPAL APARATOS FUNCIONALES Y PA\u00d1ALES"},"content":{"rendered":"<p>En seguimiento al compromiso de respaldar a quienes m\u00e1s lo necesitan, el DIF Municipal a trav\u00e9s de la Jefatura de Salud, entreg\u00f3 aparatos funcionales y pa\u00f1ales.<\/p>\n<p>En total fueron 21 los beneficiarios visitados por la Presidenta Honor\u00edfica Nayeli \u00c1lvarez Haro y la Directora Susana de la Torre, quienes repartieron cinco andaderas, cinco bastones y 11 paquetes de pa\u00f1ales a personas con discapacidad y adultos mayores.<\/p>\n<p>La jornada de entrega se hizo tras conformar el padr\u00f3n con los ciudadanos que tramitaron su solicitud, y en esta ocasi\u00f3n abarc\u00f3 las colonias Ni\u00f1os H\u00e9roes, San Isidro, fraccionamientos Guadalara y Don Durito, adem\u00e1s de la comunidad de Ci\u00e9nega.<\/p>\n<p>Se hace un llamado a los ciudadanos interesados en donar aparatos funcionales, medicamento, ropa en buen estado y pa\u00f1ales, para que se acerquen al DIF Municipal y as\u00ed abonar a una mejor calidad de vida para los jerezanos.<\/p>\n","protected":false},"excerpt":{"rendered":"<div class=\"mh-excerpt\"><p>En seguimiento al compromiso de respaldar a quienes m\u00e1s lo necesitan, el DIF Municipal a trav\u00e9s de la Jefatura de Salud, entreg\u00f3 aparatos funcionales y <a class=\"mh-excerpt-more\" href=\"https:\/\/raicesjerezanas.com\/?p=16820\" title=\"ENTREGA DIF MUNICIPAL APARATOS FUNCIONALES Y PA\u00d1ALES\">&#8230;<\/a><\/p>\n<\/div>","protected":false},"author":1,"featured_media":16821,"comment_status":"closed","ping_status":"closed","sticky":false,"template":"","format":"standard","meta":{"footnotes":""},"categories":[102],"tags":[],"class_list":["post-16820","post","type-post","status-publish","format-standard","has-post-thumbnail","hentry","category-noticias-de-jerez"],"_links":{"self":[{"href":"https:\/\/raicesjerezanas.com\/index.php?rest_route=\/wp\/v2\/posts\/16820","targetHints":{"allow":["GET"]}}],"collection":[{"href":"https:\/\/raicesjerezanas.com\/index.php?rest_route=\/wp\/v2\/posts"}],"about":[{"href":"https:\/\/raicesjerezanas.com\/index.php?rest_route=\/wp\/v2\/types\/post"}],"author":[{"embeddable":true,"href":"https:\/\/raicesjerezanas.com\/index.php?rest_route=\/wp\/v2\/users\/1"}],"replies":[{"embeddable":true,"href":"https:\/\/raicesjerezanas.com\/index.php?rest_route=%2Fwp%2Fv2%2Fcomments&post=16820"}],"version-history":[{"count":0,"href":"https:\/\/raicesjerezanas.com\/index.php?rest_route=\/wp\/v2\/posts\/16820\/revisions"}],"wp:featuredmedia":[{"embeddable":true,"href":"https:\/\/raicesjerezanas.com\/index.php?rest_route=\/wp\/v2\/media\/16821"}],"wp:attachment":[{"href":"https:\/\/raicesjerezanas.com\/index.php?rest_route=%2Fwp%2Fv2%2Fmedia&parent=16820"}],"wp:term":[{"taxonomy":"category","embeddable":true,"href":"https:\/\/raicesjerezanas.com\/index.php?rest_route=%2Fwp%2Fv2%2Fcategories&post=16820"},{"taxonomy":"post_tag","embeddable":true,"href":"https:\/\/raicesjerezanas.com\/index.php?rest_route=%2Fwp%2Fv2%2Ftags&post=16820"}],"curies":[{"name":"wp","href":"https:\/\/api.w.org\/{rel}","templated":true}]}}