{"id":16839,"date":"2020-06-29T21:49:31","date_gmt":"2020-06-30T02:49:31","guid":{"rendered":"https:\/\/raicesjerezanas.com\/?p=16839"},"modified":"2023-07-14T04:25:09","modified_gmt":"2023-07-14T04:25:09","slug":"envian-primera-carga-de-ciruela-jerezana-para-comercializacion-nacional","status":"publish","type":"post","link":"https:\/\/raicesjerezanas.com\/?p=16839","title":{"rendered":"ENV\u00cdAN PRIMERA CARGA DE CIRUELA JEREZANA PARA COMERCIALIZACI\u00d3N NACIONAL"},"content":{"rendered":"<p>-20 toneladas de fruta se distribuir\u00e1n en el pa\u00eds desde la Central de Abastos de Guadalajara<\/p>\n<p>Tras gestiones del Alcalde Antonio Aceves S\u00e1nchez, se concret\u00f3 el primer env\u00edo de 20 toneladas de ciruela a la Central de Abastos de Guadalajara.<\/p>\n<p>Danilo Mej\u00eda, fruticultor de la comunidad de Los Haro, agradeci\u00f3 el apoyo brindado por Aceves S\u00e1nchez con quien dijeron, el campo ha tenido un mayor impulso .<\/p>\n<p>\u201cTenemos fruta selecta para competir en el mercado nacional, quer\u00edamos vender las cosechas a mejor precio, sin coyotes y lo vamos a hacer gracias al trabajo en equipo\u201d, dijo.<\/p>\n<p>As\u00ed, se abri\u00f3 paso para que 18 fruticultores de Los Haro y Los F\u00e9lix puedan ofertar directamente su producto en un mercado de distribuci\u00f3n nacional a precios juntos y adem\u00e1s posicionar la calidad de los productos jerezanos.<\/p>\n<p>Por el momento se ofrecer\u00e1n las valiedades California y Eroda, o ciruela negra, seleccionada y separada en diversos est\u00e1ndares como es la Especial, S\u00faper Extra, Extra y de Primera.<\/p>\n<p>Para fortalecer la estrategia el Gobierno dar\u00e1 puntual seguimiento a todo el ciclo agr\u00edcola, desde la cosecha, selecci\u00f3n y empaquetado, para darle valor agregado y mejorar la red de comercializaci\u00f3n.<\/p>\n","protected":false},"excerpt":{"rendered":"<div class=\"mh-excerpt\"><p>-20 toneladas de fruta se distribuir\u00e1n en el pa\u00eds desde la Central de Abastos de Guadalajara Tras gestiones del Alcalde Antonio Aceves S\u00e1nchez, se concret\u00f3 <a class=\"mh-excerpt-more\" href=\"https:\/\/raicesjerezanas.com\/?p=16839\" title=\"ENV\u00cdAN PRIMERA CARGA DE CIRUELA JEREZANA PARA COMERCIALIZACI\u00d3N NACIONAL\">&#8230;<\/a><\/p>\n<\/div>","protected":false},"author":1,"featured_media":16840,"comment_status":"closed","ping_status":"closed","sticky":false,"template":"","format":"standard","meta":{"footnotes":""},"categories":[102],"tags":[],"class_list":["post-16839","post","type-post","status-publish","format-standard","has-post-thumbnail","hentry","category-noticias-de-jerez"],"_links":{"self":[{"href":"https:\/\/raicesjerezanas.com\/index.php?rest_route=\/wp\/v2\/posts\/16839","targetHints":{"allow":["GET"]}}],"collection":[{"href":"https:\/\/raicesjerezanas.com\/index.php?rest_route=\/wp\/v2\/posts"}],"about":[{"href":"https:\/\/raicesjerezanas.com\/index.php?rest_route=\/wp\/v2\/types\/post"}],"author":[{"embeddable":true,"href":"https:\/\/raicesjerezanas.com\/index.php?rest_route=\/wp\/v2\/users\/1"}],"replies":[{"embeddable":true,"href":"https:\/\/raicesjerezanas.com\/index.php?rest_route=%2Fwp%2Fv2%2Fcomments&post=16839"}],"version-history":[{"count":0,"href":"https:\/\/raicesjerezanas.com\/index.php?rest_route=\/wp\/v2\/posts\/16839\/revisions"}],"wp:featuredmedia":[{"embeddable":true,"href":"https:\/\/raicesjerezanas.com\/index.php?rest_route=\/wp\/v2\/media\/16840"}],"wp:attachment":[{"href":"https:\/\/raicesjerezanas.com\/index.php?rest_route=%2Fwp%2Fv2%2Fmedia&parent=16839"}],"wp:term":[{"taxonomy":"category","embeddable":true,"href":"https:\/\/raicesjerezanas.com\/index.php?rest_route=%2Fwp%2Fv2%2Fcategories&post=16839"},{"taxonomy":"post_tag","embeddable":true,"href":"https:\/\/raicesjerezanas.com\/index.php?rest_route=%2Fwp%2Fv2%2Ftags&post=16839"}],"curies":[{"name":"wp","href":"https:\/\/api.w.org\/{rel}","templated":true}]}}