{"id":16850,"date":"2020-07-02T14:06:09","date_gmt":"2020-07-02T19:06:09","guid":{"rendered":"https:\/\/raicesjerezanas.com\/?p=16850"},"modified":"2023-07-14T04:25:08","modified_gmt":"2023-07-14T04:25:08","slug":"reconocen-a-egresados-de-los-caic-en-comunidades-jerezanas","status":"publish","type":"post","link":"https:\/\/raicesjerezanas.com\/?p=16850","title":{"rendered":"RECONOCEN A EGRESADOS DE LOS CAIC EN COMUNIDADES JEREZANAS"},"content":{"rendered":"<p>Nayeli \u00c1lvarez Haro, Presidenta Honor\u00edfica del DIF Municipal, encabez\u00f3 la entrega de reconocimientos y diplomas a ni\u00f1os beneficiarios de los Centros de Asistencia Infantil Comunitarios (CAIC) en las comunidades de El Porvenir y Los Rodarte.<\/p>\n<p>Con los debidos protocolos sanitarios, nueve alumnos culminaron oficialmente su formaci\u00f3n preescolar a trav\u00e9s de este programa coordinado entre el DIF Municipal y servicios educativos.<\/p>\n<p>\u00c1lvarez Haro agradeci\u00f3 a los peque\u00f1os y sus familias por la confianza en estos espacios educativos-asistenciales que les permitir\u00e1n continuar con su educaci\u00f3n b\u00e1sica y con ello, abrir las posibilidades de tener una formaci\u00f3n integral.<\/p>\n","protected":false},"excerpt":{"rendered":"<div class=\"mh-excerpt\"><p>Nayeli \u00c1lvarez Haro, Presidenta Honor\u00edfica del DIF Municipal, encabez\u00f3 la entrega de reconocimientos y diplomas a ni\u00f1os beneficiarios de los Centros de Asistencia Infantil Comunitarios <a class=\"mh-excerpt-more\" href=\"https:\/\/raicesjerezanas.com\/?p=16850\" title=\"RECONOCEN A EGRESADOS DE LOS CAIC EN COMUNIDADES JEREZANAS\">&#8230;<\/a><\/p>\n<\/div>","protected":false},"author":1,"featured_media":16851,"comment_status":"closed","ping_status":"closed","sticky":false,"template":"","format":"standard","meta":{"footnotes":""},"categories":[102],"tags":[],"class_list":["post-16850","post","type-post","status-publish","format-standard","has-post-thumbnail","hentry","category-noticias-de-jerez"],"_links":{"self":[{"href":"https:\/\/raicesjerezanas.com\/index.php?rest_route=\/wp\/v2\/posts\/16850","targetHints":{"allow":["GET"]}}],"collection":[{"href":"https:\/\/raicesjerezanas.com\/index.php?rest_route=\/wp\/v2\/posts"}],"about":[{"href":"https:\/\/raicesjerezanas.com\/index.php?rest_route=\/wp\/v2\/types\/post"}],"author":[{"embeddable":true,"href":"https:\/\/raicesjerezanas.com\/index.php?rest_route=\/wp\/v2\/users\/1"}],"replies":[{"embeddable":true,"href":"https:\/\/raicesjerezanas.com\/index.php?rest_route=%2Fwp%2Fv2%2Fcomments&post=16850"}],"version-history":[{"count":0,"href":"https:\/\/raicesjerezanas.com\/index.php?rest_route=\/wp\/v2\/posts\/16850\/revisions"}],"wp:featuredmedia":[{"embeddable":true,"href":"https:\/\/raicesjerezanas.com\/index.php?rest_route=\/wp\/v2\/media\/16851"}],"wp:attachment":[{"href":"https:\/\/raicesjerezanas.com\/index.php?rest_route=%2Fwp%2Fv2%2Fmedia&parent=16850"}],"wp:term":[{"taxonomy":"category","embeddable":true,"href":"https:\/\/raicesjerezanas.com\/index.php?rest_route=%2Fwp%2Fv2%2Fcategories&post=16850"},{"taxonomy":"post_tag","embeddable":true,"href":"https:\/\/raicesjerezanas.com\/index.php?rest_route=%2Fwp%2Fv2%2Ftags&post=16850"}],"curies":[{"name":"wp","href":"https:\/\/api.w.org\/{rel}","templated":true}]}}