{"id":16852,"date":"2020-07-02T14:07:34","date_gmt":"2020-07-02T19:07:34","guid":{"rendered":"https:\/\/raicesjerezanas.com\/?p=16852"},"modified":"2023-07-14T04:25:08","modified_gmt":"2023-07-14T04:25:08","slug":"fomenta-turismo-reactivacion-economica-de-cadenas-productivas","status":"publish","type":"post","link":"https:\/\/raicesjerezanas.com\/?p=16852","title":{"rendered":"FOMENTA TURISMO REACTIVACI\u00d3N ECON\u00d3MICA DE CADENAS PRODUCTIVAS"},"content":{"rendered":"<p>Integrantes de cadenas productivas y funcionarios p\u00fablicos del Ayuntamiento se capacitaron a trav\u00e9s de la Secretar\u00eda de Turismo (SECTUR) Federal y Estatal, sobre Cadenas Productivas y Reactivaci\u00f3n Econ\u00f3mica de los Pueblos M\u00e1gicos de Zacatecas.<\/p>\n<p>Alba Dena Pereyra, titular del Departamento de Turismo Municipal, detall\u00f3 que en la din\u00e1mica participaron 10 jerezanos con el objetivo de ampliar el conocimiento y estrategias para reactivar la econom\u00eda local de los Pueblos M\u00e1gicos tras la contingencia sanitaria.<\/p>\n<p>Impartida por Roberto Bravo, en la capacitaci\u00f3n se expusieron casos actuales de pa\u00edses con tasas de contagio decrecientes y sus medidas preventivas como el distanciamiento social.<\/p>\n<p>Dena Pereyra reconoci\u00f3 el inter\u00e9s de los participantes y de las autoridades para dar impulso a nuevas formas de reactivaci\u00f3n tur\u00edstica para el municipio.<\/p>\n","protected":false},"excerpt":{"rendered":"<div class=\"mh-excerpt\"><p>Integrantes de cadenas productivas y funcionarios p\u00fablicos del Ayuntamiento se capacitaron a trav\u00e9s de la Secretar\u00eda de Turismo (SECTUR) Federal y Estatal, sobre Cadenas Productivas <a class=\"mh-excerpt-more\" href=\"https:\/\/raicesjerezanas.com\/?p=16852\" title=\"FOMENTA TURISMO REACTIVACI\u00d3N ECON\u00d3MICA DE CADENAS PRODUCTIVAS\">&#8230;<\/a><\/p>\n<\/div>","protected":false},"author":1,"featured_media":16853,"comment_status":"closed","ping_status":"closed","sticky":false,"template":"","format":"standard","meta":{"footnotes":""},"categories":[102],"tags":[],"class_list":["post-16852","post","type-post","status-publish","format-standard","has-post-thumbnail","hentry","category-noticias-de-jerez"],"_links":{"self":[{"href":"https:\/\/raicesjerezanas.com\/index.php?rest_route=\/wp\/v2\/posts\/16852","targetHints":{"allow":["GET"]}}],"collection":[{"href":"https:\/\/raicesjerezanas.com\/index.php?rest_route=\/wp\/v2\/posts"}],"about":[{"href":"https:\/\/raicesjerezanas.com\/index.php?rest_route=\/wp\/v2\/types\/post"}],"author":[{"embeddable":true,"href":"https:\/\/raicesjerezanas.com\/index.php?rest_route=\/wp\/v2\/users\/1"}],"replies":[{"embeddable":true,"href":"https:\/\/raicesjerezanas.com\/index.php?rest_route=%2Fwp%2Fv2%2Fcomments&post=16852"}],"version-history":[{"count":0,"href":"https:\/\/raicesjerezanas.com\/index.php?rest_route=\/wp\/v2\/posts\/16852\/revisions"}],"wp:featuredmedia":[{"embeddable":true,"href":"https:\/\/raicesjerezanas.com\/index.php?rest_route=\/wp\/v2\/media\/16853"}],"wp:attachment":[{"href":"https:\/\/raicesjerezanas.com\/index.php?rest_route=%2Fwp%2Fv2%2Fmedia&parent=16852"}],"wp:term":[{"taxonomy":"category","embeddable":true,"href":"https:\/\/raicesjerezanas.com\/index.php?rest_route=%2Fwp%2Fv2%2Fcategories&post=16852"},{"taxonomy":"post_tag","embeddable":true,"href":"https:\/\/raicesjerezanas.com\/index.php?rest_route=%2Fwp%2Fv2%2Ftags&post=16852"}],"curies":[{"name":"wp","href":"https:\/\/api.w.org\/{rel}","templated":true}]}}