{"id":1726,"date":"2019-06-04T18:52:14","date_gmt":"2019-06-04T23:52:14","guid":{"rendered":"https:\/\/raicesjerezanas.com\/?p=1726"},"modified":"2019-06-04T18:52:14","modified_gmt":"2019-06-04T23:52:14","slug":"antonio-aceves-sanchez-reconoce-a-artesanos-en-la-ruta-manos-magicas-jerez","status":"publish","type":"post","link":"https:\/\/raicesjerezanas.com\/?p=1726","title":{"rendered":"ANTONIO ACEVES S\u00c1NCHEZ RECONOCE A ARTESANOS EN LA RUTA MANOS M\u00c1GICAS JEREZ"},"content":{"rendered":"<p><strong>El alcalde devel\u00f3 la placa en honor a los Artesanos Jerezanos<\/strong><\/p>\n<p>Patrocinio Guti\u00e9rrez y Francisco Cisneros recibieron del Presidente Municipal Antonio Aceves S\u00e1nchez el sexto reconocimiento de la Ruta Manos M\u00e1gicas Jerez por su trayectoria y aportaci\u00f3n a la cultura artesanal del municipio.<\/p>\n<p>\u201cCuando alguien le apuesta y trabaja por Jerez hay que reconocerlo\u201d, expres\u00f3 Aceves S\u00e1nchez a los artesanos a quienes exhort\u00f3 a continuar con la promoci\u00f3n de sus habilidades, ampliar su mercado y generar empleos.<\/p>\n<p>Guti\u00e9rrez y Cisneros se distinguen por la creaci\u00f3n de bolsas elaboradas con fibras naturales y piel. En una jornada elaboran hasta 500 piezas de calidad y buen gusto a base de ixtle, colorantes y otros materiales seg\u00fan el dise\u00f1o de cada una.<\/p>\n<p>Su trabajo ha llegado a Monterrey, Canc\u00fan, M\u00e9xico, Guadalajara y otros lugares de M\u00e9xico, adem\u00e1s que realizan exportaciones a Estados Unidos, Jap\u00f3n y actualmente buscan llevar sus productos a Suiza.<\/p>\n<p>Los galardonados agradecieron el respaldo que por primera vez se da a este sector por parte del Ayuntamiento y solicitaron el apoyo para una mayor difusi\u00f3n.<\/p>\n<p>En este sentido Aceves S\u00e1nchez anunci\u00f3 que ya se prepara una aplicaci\u00f3n para dispositivos m\u00f3viles en la cual los turistas tendr\u00e1n un listado de ubicaci\u00f3n de servicios tur\u00edsticos y venta de productos t\u00edpicos de la regi\u00f3n, en el cometido de dar un valor agregado al trabajo de los jerezanos.<\/p>\n<p>Luego de la entrega del reconocimiento, el alcalde devel\u00f3 una placa en homenaje al talento y entrega de los artesanos de este Pueblo M\u00e1gico, acompa\u00f1ado por la Presidenta Honor\u00edfica del DIF Municipal Nayeli \u00c1lvarez Haro; el Director de Desarrollo Econ\u00f3mico y Social Octavio de la Torre Jim\u00e9nez; la jefa de Turismo Municipal, Alba Dena Pereyra, adem\u00e1s de Regidores y funcionarios del Ayuntamiento.<\/p>\n","protected":false},"excerpt":{"rendered":"<div class=\"mh-excerpt\"><p>El alcalde devel\u00f3 la placa en honor a los Artesanos Jerezanos Patrocinio Guti\u00e9rrez y Francisco Cisneros recibieron del Presidente Municipal Antonio Aceves S\u00e1nchez el sexto <a class=\"mh-excerpt-more\" href=\"https:\/\/raicesjerezanas.com\/?p=1726\" title=\"ANTONIO ACEVES S\u00c1NCHEZ RECONOCE A ARTESANOS EN LA RUTA MANOS M\u00c1GICAS JEREZ\">&#8230;<\/a><\/p>\n<\/div>","protected":false},"author":1,"featured_media":1727,"comment_status":"closed","ping_status":"closed","sticky":false,"template":"","format":"standard","meta":{"footnotes":""},"categories":[],"tags":[],"class_list":["post-1726","post","type-post","status-publish","format-standard","has-post-thumbnail","hentry"],"_links":{"self":[{"href":"https:\/\/raicesjerezanas.com\/index.php?rest_route=\/wp\/v2\/posts\/1726","targetHints":{"allow":["GET"]}}],"collection":[{"href":"https:\/\/raicesjerezanas.com\/index.php?rest_route=\/wp\/v2\/posts"}],"about":[{"href":"https:\/\/raicesjerezanas.com\/index.php?rest_route=\/wp\/v2\/types\/post"}],"author":[{"embeddable":true,"href":"https:\/\/raicesjerezanas.com\/index.php?rest_route=\/wp\/v2\/users\/1"}],"replies":[{"embeddable":true,"href":"https:\/\/raicesjerezanas.com\/index.php?rest_route=%2Fwp%2Fv2%2Fcomments&post=1726"}],"version-history":[{"count":0,"href":"https:\/\/raicesjerezanas.com\/index.php?rest_route=\/wp\/v2\/posts\/1726\/revisions"}],"wp:featuredmedia":[{"embeddable":true,"href":"https:\/\/raicesjerezanas.com\/index.php?rest_route=\/wp\/v2\/media\/1727"}],"wp:attachment":[{"href":"https:\/\/raicesjerezanas.com\/index.php?rest_route=%2Fwp%2Fv2%2Fmedia&parent=1726"}],"wp:term":[{"taxonomy":"category","embeddable":true,"href":"https:\/\/raicesjerezanas.com\/index.php?rest_route=%2Fwp%2Fv2%2Fcategories&post=1726"},{"taxonomy":"post_tag","embeddable":true,"href":"https:\/\/raicesjerezanas.com\/index.php?rest_route=%2Fwp%2Fv2%2Ftags&post=1726"}],"curies":[{"name":"wp","href":"https:\/\/api.w.org\/{rel}","templated":true}]}}