{"id":2013,"date":"2019-08-07T17:50:03","date_gmt":"2019-08-07T22:50:03","guid":{"rendered":"https:\/\/raicesjerezanas.com\/?p=2013"},"modified":"2019-08-12T18:20:18","modified_gmt":"2019-08-12T23:20:18","slug":"renuevan-senaletica-vial-en-calles-de-jerez","status":"publish","type":"post","link":"https:\/\/raicesjerezanas.com\/?p=2013","title":{"rendered":"RENUEVAN SE\u00d1AL\u00c9TICA VIAL EN CALLES DE JEREZ"},"content":{"rendered":"<p><strong>Contin\u00faan gestiones para la reparaci\u00f3n de los sem\u00e1foros del bulevar Suave Patria<\/strong><\/p>\n<p>Para mantener el orden y c\u00f3modo desplazamiento tanto de transe\u00fantes como de conductores, el Gobierno Municipal de Jerez y la Delegaci\u00f3n de Seguridad Vial realizan la jornada de renovaci\u00f3n de se\u00f1al\u00e9tica de circulaci\u00f3n con \u00e9nfasis en el centro de la ciudad.<\/p>\n<p>Comenz\u00f3 con la se\u00f1alizaci\u00f3n de paso peatonal en los sem\u00e1foros entre las calles San Luis y Guanajuato, as\u00ed como de las San Luis y Pino Su\u00e1rez, para adem\u00e1s dar un mejor aspecto urbano.<\/p>\n<p>Asimismo en las zonas aleda\u00f1as a la glorieta Francisco Garc\u00eda Salinas se inici\u00f3 con la pinta de cajones de estacionamiento para ascenso y descenso de pasajeros que hacen uso de camiones tur\u00edsticos.<\/p>\n<p>Aunque dichos trabajos se suspendieron temporalmente por presencia de lluvias, se retomar\u00e1n con la colocaci\u00f3n de se\u00f1al\u00e9tica estructural de pl\u00e1stico en sustituci\u00f3n de las de fierro para evitar su robo.<\/p>\n<p>Tambi\u00e9n se colocar\u00e1n nuevos se\u00f1alamientos en el \u00e1rea de la glorieta y otros m\u00e1s en las calles Garc\u00eda Salinas, San Luis y Hospicio que indicar\u00e1n el paso uno a uno para los veh\u00edculos y as\u00ed fortalecer la seguridad de los ciudadanos en general.<\/p>\n<p>En este sentido, el Delegado Dagoberto Monroy Carrillo, indic\u00f3 que contin\u00faan las gestiones y acuerdos para la reparaci\u00f3n del sem\u00e1foro del bulevar Suave Patria en el inter\u00e9s de garantizar el tr\u00e1nsito seguro de jerezanos y visitantes.<\/p>\n<p>Detall\u00f3 que se trabaja de manera coordinada con el Gobierno del Estado y la Comisi\u00f3n Federal de Electricidad (CFE) para la renovaci\u00f3n de contratos ya que los actuales datan del a\u00f1o 2001.<\/p>\n<p>Aclar\u00f3 que dichos contratos de suministro de energ\u00eda el\u00e9ctrica a los sem\u00e1foros del municipio corresponde al estado, y la Delegaci\u00f3n solo tiene injerencia cuando se trata de descomposturas o ajustes mec\u00e1nicos menores.<\/p>\n","protected":false},"excerpt":{"rendered":"<div class=\"mh-excerpt\"><p>Contin\u00faan gestiones para la reparaci\u00f3n de los sem\u00e1foros del bulevar Suave Patria Para mantener el orden y c\u00f3modo desplazamiento tanto de transe\u00fantes como de conductores, <a class=\"mh-excerpt-more\" href=\"https:\/\/raicesjerezanas.com\/?p=2013\" title=\"RENUEVAN SE\u00d1AL\u00c9TICA VIAL EN CALLES DE JEREZ\">&#8230;<\/a><\/p>\n<\/div>","protected":false},"author":1,"featured_media":2014,"comment_status":"closed","ping_status":"closed","sticky":false,"template":"","format":"standard","meta":{"footnotes":""},"categories":[],"tags":[],"class_list":["post-2013","post","type-post","status-publish","format-standard","has-post-thumbnail","hentry"],"_links":{"self":[{"href":"https:\/\/raicesjerezanas.com\/index.php?rest_route=\/wp\/v2\/posts\/2013","targetHints":{"allow":["GET"]}}],"collection":[{"href":"https:\/\/raicesjerezanas.com\/index.php?rest_route=\/wp\/v2\/posts"}],"about":[{"href":"https:\/\/raicesjerezanas.com\/index.php?rest_route=\/wp\/v2\/types\/post"}],"author":[{"embeddable":true,"href":"https:\/\/raicesjerezanas.com\/index.php?rest_route=\/wp\/v2\/users\/1"}],"replies":[{"embeddable":true,"href":"https:\/\/raicesjerezanas.com\/index.php?rest_route=%2Fwp%2Fv2%2Fcomments&post=2013"}],"version-history":[{"count":0,"href":"https:\/\/raicesjerezanas.com\/index.php?rest_route=\/wp\/v2\/posts\/2013\/revisions"}],"wp:featuredmedia":[{"embeddable":true,"href":"https:\/\/raicesjerezanas.com\/index.php?rest_route=\/wp\/v2\/media\/2014"}],"wp:attachment":[{"href":"https:\/\/raicesjerezanas.com\/index.php?rest_route=%2Fwp%2Fv2%2Fmedia&parent=2013"}],"wp:term":[{"taxonomy":"category","embeddable":true,"href":"https:\/\/raicesjerezanas.com\/index.php?rest_route=%2Fwp%2Fv2%2Fcategories&post=2013"},{"taxonomy":"post_tag","embeddable":true,"href":"https:\/\/raicesjerezanas.com\/index.php?rest_route=%2Fwp%2Fv2%2Ftags&post=2013"}],"curies":[{"name":"wp","href":"https:\/\/api.w.org\/{rel}","templated":true}]}}