{"id":2034,"date":"2019-08-19T20:55:52","date_gmt":"2019-08-20T01:55:52","guid":{"rendered":"https:\/\/raicesjerezanas.com\/?p=2034"},"modified":"2019-08-19T20:55:52","modified_gmt":"2019-08-20T01:55:52","slug":"culminan-talleres-comunitarios-temporales-del-dif","status":"publish","type":"post","link":"https:\/\/raicesjerezanas.com\/?p=2034","title":{"rendered":"CULMINAN TALLERES COMUNITARIOS TEMPORALES DEL DIF"},"content":{"rendered":"<p>Culminaron los Talleres Comunitarios Temporales del DIF Municipal que durante dos meses y medio benefici\u00f3 a 105 mujeres que fueron capacitadas en elaboraci\u00f3n de productos de limpieza.<\/p>\n<p>La Directora Susana de la Torre Arg\u00fcelles, acudi\u00f3 a las comunidades de Guadalupe Victoria y Cieneguitas de Fern\u00e1ndez, para reconocer a las mujeres en su mayor\u00eda adultas mayores y madres de familia, que formaron parte de los talleres.<\/p>\n<p>Ante ellas enfatiz\u00f3 que el DIF Jerez liderado por Nayeli \u00c1lvarez Haro, continuar\u00e1 trabajando para brindarles herramientas de productividad y autoempleo, que les generen adem\u00e1s de nuevos conocimientos un ingreso extra a su econom\u00eda familiar.<\/p>\n<p>La capacitaci\u00f3n tambi\u00e9n se realiz\u00f3 en El Huejote, Santa Fe, San Isidro del Salto, Jomulquillo y Palmas Altas.<\/p>\n<p>Alternativamente el DIF ofrece talleres permanentes de Reciclado, Bordado y Deshilado en Tanque de San Juan, Encino Mocho y Colonia Benito Ju\u00e1rez.<\/p>\n<p>Los permanentes se retomar\u00e1n en otras comunidades para que las participantes se mantengan en una din\u00e1mica productiva y de cercan\u00eda con el Gobierno Municipal.<\/p>\n","protected":false},"excerpt":{"rendered":"<div class=\"mh-excerpt\"><p>Culminaron los Talleres Comunitarios Temporales del DIF Municipal que durante dos meses y medio benefici\u00f3 a 105 mujeres que fueron capacitadas en elaboraci\u00f3n de productos <a class=\"mh-excerpt-more\" href=\"https:\/\/raicesjerezanas.com\/?p=2034\" title=\"CULMINAN TALLERES COMUNITARIOS TEMPORALES DEL DIF\">&#8230;<\/a><\/p>\n<\/div>","protected":false},"author":1,"featured_media":2035,"comment_status":"closed","ping_status":"closed","sticky":false,"template":"","format":"standard","meta":{"footnotes":""},"categories":[],"tags":[],"class_list":["post-2034","post","type-post","status-publish","format-standard","has-post-thumbnail","hentry"],"_links":{"self":[{"href":"https:\/\/raicesjerezanas.com\/index.php?rest_route=\/wp\/v2\/posts\/2034","targetHints":{"allow":["GET"]}}],"collection":[{"href":"https:\/\/raicesjerezanas.com\/index.php?rest_route=\/wp\/v2\/posts"}],"about":[{"href":"https:\/\/raicesjerezanas.com\/index.php?rest_route=\/wp\/v2\/types\/post"}],"author":[{"embeddable":true,"href":"https:\/\/raicesjerezanas.com\/index.php?rest_route=\/wp\/v2\/users\/1"}],"replies":[{"embeddable":true,"href":"https:\/\/raicesjerezanas.com\/index.php?rest_route=%2Fwp%2Fv2%2Fcomments&post=2034"}],"version-history":[{"count":0,"href":"https:\/\/raicesjerezanas.com\/index.php?rest_route=\/wp\/v2\/posts\/2034\/revisions"}],"wp:featuredmedia":[{"embeddable":true,"href":"https:\/\/raicesjerezanas.com\/index.php?rest_route=\/wp\/v2\/media\/2035"}],"wp:attachment":[{"href":"https:\/\/raicesjerezanas.com\/index.php?rest_route=%2Fwp%2Fv2%2Fmedia&parent=2034"}],"wp:term":[{"taxonomy":"category","embeddable":true,"href":"https:\/\/raicesjerezanas.com\/index.php?rest_route=%2Fwp%2Fv2%2Fcategories&post=2034"},{"taxonomy":"post_tag","embeddable":true,"href":"https:\/\/raicesjerezanas.com\/index.php?rest_route=%2Fwp%2Fv2%2Ftags&post=2034"}],"curies":[{"name":"wp","href":"https:\/\/api.w.org\/{rel}","templated":true}]}}