{"id":2037,"date":"2019-08-19T21:03:38","date_gmt":"2019-08-20T02:03:38","guid":{"rendered":"https:\/\/raicesjerezanas.com\/?p=2037"},"modified":"2019-08-19T21:03:38","modified_gmt":"2019-08-20T02:03:38","slug":"destaca-el-talento-deportivo-de-jerez-en-la-ledt-2019","status":"publish","type":"post","link":"https:\/\/raicesjerezanas.com\/?p=2037","title":{"rendered":"DESTACA EL TALENTO DEPORTIVO DE JEREZ EN LA LEDT 2019"},"content":{"rendered":"<p>Familias jerezanas disfrutan de actividades deportivas de calidad organizadas por el gobierno de Antonio Aceves S\u00e1nchez que le apuesta al deporte de manera integral.<\/p>\n<p>El Coordinador Municipal del Deporte, Carlos Dorado Orozco, destac\u00f3 que es la primera vez que un Ayuntamiento trabaja en la promoci\u00f3n de distintas disciplinas deportivas que ya participan en la LEDT.<\/p>\n<p>a la fecha se cuenta con equipos bien integrados de b\u00e1squet en categor\u00edas Juvenil y Femenil; f\u00fatbol en Varonil; r\u00e1quetbol en Infantil, Juvenil y Varonil; b\u00e9isbol Juvenil; volibol Juvenil y Femenil.<\/p>\n<p>En su primer partido de exhibici\u00f3n como Durazneros de Jerez FC, el nuevo equipo de f\u00fatbol se llev\u00f3 el triunfo con un marcador 1-0, tras enfrentarse en casa a los Mineros de Zacatecas.<\/p>\n<p>Los j\u00f3venes reci\u00e9n integrados en la Tercera Divisi\u00f3n Profesional con el respaldo el Gobierno Municipal dieron muestra de su habilidad para manejar el bal\u00f3n en un partido amistoso y lleno de adrenalina.<\/p>\n<p>La alineaci\u00f3n dirigida por Josu\u00e9 de Jes\u00fas Ortiz Hern\u00e1ndez ofreci\u00f3 un gran espect\u00e1culo en el Estadio de F\u00fatbol Ram\u00f3n L\u00f3pez Velarde, donde el joven Mart\u00edn Sol\u00eds anot\u00f3 el gol vencedor minuto 30.<\/p>\n<p>A mediados de septiembre Durazneros de Jerez FC dar\u00e1 arranque oficial a la temporada de competencias 2019-2020.<\/p>\n<p>En la Liga Estatal de Desarrollo de Talentos (LEDT) en B\u00e9isbol los Durazneros se enfrentaron a los Tigres de Calera con un marcador final de 10-19 a favor de los visitantes.<\/p>\n<p>El equipo promovido por la administraci\u00f3n municipal se integra por 18 jugadores entre 12 y 15 a\u00f1os de edad quienes son liderados por Kevin Murillo, Silverio Murillo y Raymundo Rodr\u00edguez.<\/p>\n","protected":false},"excerpt":{"rendered":"<div class=\"mh-excerpt\"><p>Familias jerezanas disfrutan de actividades deportivas de calidad organizadas por el gobierno de Antonio Aceves S\u00e1nchez que le apuesta al deporte de manera integral. El <a class=\"mh-excerpt-more\" href=\"https:\/\/raicesjerezanas.com\/?p=2037\" title=\"DESTACA EL TALENTO DEPORTIVO DE JEREZ EN LA LEDT 2019\">&#8230;<\/a><\/p>\n<\/div>","protected":false},"author":1,"featured_media":2038,"comment_status":"closed","ping_status":"closed","sticky":false,"template":"","format":"standard","meta":{"footnotes":""},"categories":[],"tags":[],"class_list":["post-2037","post","type-post","status-publish","format-standard","has-post-thumbnail","hentry"],"_links":{"self":[{"href":"https:\/\/raicesjerezanas.com\/index.php?rest_route=\/wp\/v2\/posts\/2037","targetHints":{"allow":["GET"]}}],"collection":[{"href":"https:\/\/raicesjerezanas.com\/index.php?rest_route=\/wp\/v2\/posts"}],"about":[{"href":"https:\/\/raicesjerezanas.com\/index.php?rest_route=\/wp\/v2\/types\/post"}],"author":[{"embeddable":true,"href":"https:\/\/raicesjerezanas.com\/index.php?rest_route=\/wp\/v2\/users\/1"}],"replies":[{"embeddable":true,"href":"https:\/\/raicesjerezanas.com\/index.php?rest_route=%2Fwp%2Fv2%2Fcomments&post=2037"}],"version-history":[{"count":0,"href":"https:\/\/raicesjerezanas.com\/index.php?rest_route=\/wp\/v2\/posts\/2037\/revisions"}],"wp:featuredmedia":[{"embeddable":true,"href":"https:\/\/raicesjerezanas.com\/index.php?rest_route=\/wp\/v2\/media\/2038"}],"wp:attachment":[{"href":"https:\/\/raicesjerezanas.com\/index.php?rest_route=%2Fwp%2Fv2%2Fmedia&parent=2037"}],"wp:term":[{"taxonomy":"category","embeddable":true,"href":"https:\/\/raicesjerezanas.com\/index.php?rest_route=%2Fwp%2Fv2%2Fcategories&post=2037"},{"taxonomy":"post_tag","embeddable":true,"href":"https:\/\/raicesjerezanas.com\/index.php?rest_route=%2Fwp%2Fv2%2Ftags&post=2037"}],"curies":[{"name":"wp","href":"https:\/\/api.w.org\/{rel}","templated":true}]}}