{"id":2041,"date":"2019-08-18T21:28:57","date_gmt":"2019-08-19T02:28:57","guid":{"rendered":"https:\/\/raicesjerezanas.com\/?p=2041"},"modified":"2019-08-19T21:33:33","modified_gmt":"2019-08-20T02:33:33","slug":"ganan-durazneras-de-jerez-su-tercer-partido-dentro-de-la-ledt-2019-de-voleibol","status":"publish","type":"post","link":"https:\/\/raicesjerezanas.com\/?p=2041","title":{"rendered":"GANAN DURAZNERAS DE JEREZ SU TERCER PARTIDO DENTRO DE LA LEDT 2019 DE VOLEIBOL"},"content":{"rendered":"<p>Con un puntaje de 25 a 17 en el \u00faltimo set contra las Guerreras de Monte Escobedo, Durazneras de Jerez se llevaron el triunfo por tercera vez dentro de la Liga Estatal de Desarrollo de Talentos (LEDT) 2019 de Voleibol.<\/p>\n<p>El selectivo de 15 j\u00f3venes de entre 11 a 16 a\u00f1os, se esforz\u00f3 al m\u00e1ximo en el juego lleno de espectadores, saques y rescates de bal\u00f3n, que las llev\u00f3 a ganar su tercer partido consecutivo dentro de la Liga.<\/p>\n<p>Dirigidas por Santiago Rodr\u00edguez Gonz\u00e1lez, se integraron recientemente a la tendencia de equipos deportivos locales impulsadas por la administraci\u00f3n de Antonio Aceves S\u00e1nchez, en la que ostentan el nombre de la actividad deportiva y de lo excelencia de Jerez.<\/p>\n<p>Su siguiente competencia ser\u00e1 el pr\u00f3ximo s\u00e1bado en el municipio en Morelos, para quedarse el domingo 25 de agosto en casa a recibir a Loreto nuevamente en el Gimnasio de Voleibol de la Unidad Deportiva.<\/p>\n","protected":false},"excerpt":{"rendered":"<div class=\"mh-excerpt\"><p>Con un puntaje de 25 a 17 en el \u00faltimo set contra las Guerreras de Monte Escobedo, Durazneras de Jerez se llevaron el triunfo por <a class=\"mh-excerpt-more\" href=\"https:\/\/raicesjerezanas.com\/?p=2041\" title=\"GANAN DURAZNERAS DE JEREZ SU TERCER PARTIDO DENTRO DE LA LEDT 2019 DE VOLEIBOL\">&#8230;<\/a><\/p>\n<\/div>","protected":false},"author":1,"featured_media":2042,"comment_status":"closed","ping_status":"closed","sticky":false,"template":"","format":"standard","meta":{"footnotes":""},"categories":[],"tags":[],"class_list":["post-2041","post","type-post","status-publish","format-standard","has-post-thumbnail","hentry"],"_links":{"self":[{"href":"https:\/\/raicesjerezanas.com\/index.php?rest_route=\/wp\/v2\/posts\/2041","targetHints":{"allow":["GET"]}}],"collection":[{"href":"https:\/\/raicesjerezanas.com\/index.php?rest_route=\/wp\/v2\/posts"}],"about":[{"href":"https:\/\/raicesjerezanas.com\/index.php?rest_route=\/wp\/v2\/types\/post"}],"author":[{"embeddable":true,"href":"https:\/\/raicesjerezanas.com\/index.php?rest_route=\/wp\/v2\/users\/1"}],"replies":[{"embeddable":true,"href":"https:\/\/raicesjerezanas.com\/index.php?rest_route=%2Fwp%2Fv2%2Fcomments&post=2041"}],"version-history":[{"count":0,"href":"https:\/\/raicesjerezanas.com\/index.php?rest_route=\/wp\/v2\/posts\/2041\/revisions"}],"wp:featuredmedia":[{"embeddable":true,"href":"https:\/\/raicesjerezanas.com\/index.php?rest_route=\/wp\/v2\/media\/2042"}],"wp:attachment":[{"href":"https:\/\/raicesjerezanas.com\/index.php?rest_route=%2Fwp%2Fv2%2Fmedia&parent=2041"}],"wp:term":[{"taxonomy":"category","embeddable":true,"href":"https:\/\/raicesjerezanas.com\/index.php?rest_route=%2Fwp%2Fv2%2Fcategories&post=2041"},{"taxonomy":"post_tag","embeddable":true,"href":"https:\/\/raicesjerezanas.com\/index.php?rest_route=%2Fwp%2Fv2%2Ftags&post=2041"}],"curies":[{"name":"wp","href":"https:\/\/api.w.org\/{rel}","templated":true}]}}