{"id":2043,"date":"2019-08-20T17:43:21","date_gmt":"2019-08-20T22:43:21","guid":{"rendered":"https:\/\/raicesjerezanas.com\/?p=2043"},"modified":"2019-08-20T17:43:21","modified_gmt":"2019-08-20T22:43:21","slug":"celebraran-el-12-aniversario-de-jerez-como-pueblo-magico","status":"publish","type":"post","link":"https:\/\/raicesjerezanas.com\/?p=2043","title":{"rendered":"CELEBRAR\u00c1N EL 12 ANIVERSARIO DE JEREZ COMO PUEBLO M\u00c1GICO"},"content":{"rendered":"<p>El 12 aniversario del nombramiento de Jerez como Pueblo M\u00e1gico se celebrar\u00e1 como nunca con un programa que incluir\u00e1 actividades tur\u00edsticas, art\u00edsticas, culturales e innovadoras como el lanzamiento de una plataforma digital y la convocatoria para la creaci\u00f3n de una nueva marca local.<\/p>\n<p>Alba Dena Pereyra, titular del Departamento de Turismo Municipal, manifest\u00f3 que la fecha debe celebrarse con orgullo y entusiasmo ya que representa un a\u00f1o m\u00e1s en que Jerez se consolida como importante destino de viajeros, dentro de los m\u00e1s de 120 Pueblos M\u00e1gicos del pa\u00eds.<\/p>\n<p>El pr\u00f3ximo jueves 22 de agosto a partir de las 7 de la noche en la plaza Tacuba, se presentar\u00e1n talentos jerezanos entre declamadores, bailarines, y m\u00fasicos, adem\u00e1s de una tradicional callejoneada.<\/p>\n<p>El programa continuar\u00e1 el viernes 23 con el Rally de aniversario. Los equipos partir\u00e1n a las 8:30 am de la Alameda Francisco Garc\u00eda Salinas y en un recorrido hasta el jard\u00edn Hidalgo, reforzar\u00e1n sus conocimientos sobre usos, costumbres e historia del municipio.<\/p>\n","protected":false},"excerpt":{"rendered":"<div class=\"mh-excerpt\"><p>El 12 aniversario del nombramiento de Jerez como Pueblo M\u00e1gico se celebrar\u00e1 como nunca con un programa que incluir\u00e1 actividades tur\u00edsticas, art\u00edsticas, culturales e innovadoras <a class=\"mh-excerpt-more\" href=\"https:\/\/raicesjerezanas.com\/?p=2043\" title=\"CELEBRAR\u00c1N EL 12 ANIVERSARIO DE JEREZ COMO PUEBLO M\u00c1GICO\">&#8230;<\/a><\/p>\n<\/div>","protected":false},"author":1,"featured_media":2044,"comment_status":"closed","ping_status":"closed","sticky":false,"template":"","format":"standard","meta":{"footnotes":""},"categories":[],"tags":[],"class_list":["post-2043","post","type-post","status-publish","format-standard","has-post-thumbnail","hentry"],"_links":{"self":[{"href":"https:\/\/raicesjerezanas.com\/index.php?rest_route=\/wp\/v2\/posts\/2043","targetHints":{"allow":["GET"]}}],"collection":[{"href":"https:\/\/raicesjerezanas.com\/index.php?rest_route=\/wp\/v2\/posts"}],"about":[{"href":"https:\/\/raicesjerezanas.com\/index.php?rest_route=\/wp\/v2\/types\/post"}],"author":[{"embeddable":true,"href":"https:\/\/raicesjerezanas.com\/index.php?rest_route=\/wp\/v2\/users\/1"}],"replies":[{"embeddable":true,"href":"https:\/\/raicesjerezanas.com\/index.php?rest_route=%2Fwp%2Fv2%2Fcomments&post=2043"}],"version-history":[{"count":0,"href":"https:\/\/raicesjerezanas.com\/index.php?rest_route=\/wp\/v2\/posts\/2043\/revisions"}],"wp:featuredmedia":[{"embeddable":true,"href":"https:\/\/raicesjerezanas.com\/index.php?rest_route=\/wp\/v2\/media\/2044"}],"wp:attachment":[{"href":"https:\/\/raicesjerezanas.com\/index.php?rest_route=%2Fwp%2Fv2%2Fmedia&parent=2043"}],"wp:term":[{"taxonomy":"category","embeddable":true,"href":"https:\/\/raicesjerezanas.com\/index.php?rest_route=%2Fwp%2Fv2%2Fcategories&post=2043"},{"taxonomy":"post_tag","embeddable":true,"href":"https:\/\/raicesjerezanas.com\/index.php?rest_route=%2Fwp%2Fv2%2Ftags&post=2043"}],"curies":[{"name":"wp","href":"https:\/\/api.w.org\/{rel}","templated":true}]}}