{"id":2045,"date":"2019-08-20T18:02:14","date_gmt":"2019-08-20T23:02:14","guid":{"rendered":"https:\/\/raicesjerezanas.com\/?p=2045"},"modified":"2019-08-20T18:02:14","modified_gmt":"2019-08-20T23:02:14","slug":"atencion-ciudadana-entrega-apoyos-a-familias-vulnerables","status":"publish","type":"post","link":"https:\/\/raicesjerezanas.com\/?p=2045","title":{"rendered":"ATENCI\u00d3N CIUDADANA ENTREGA APOYOS A FAMILIAS VULNERABLES"},"content":{"rendered":"<p>El Departamento de Atenci\u00f3n Ciudadana y Gesti\u00f3n Social, v\u00ednculo del Gobierno de Antonio Aceves S\u00e1nchez con quienes m\u00e1s lo necesitan, entreg\u00f3 apoyos de pa\u00f1ales, despensas y surtido para un micro negocio a familias en estado de vulnerabilidad.<\/p>\n<p>La titular Alma Acevedo Carrillo visit\u00f3 a Patrocinio Campos de la colonia Guadalupe, quien solicit\u00f3 una despensa y pa\u00f1ales para su hija de 21 a\u00f1os; ambas enviaron al alcalde un mensaje de agradecimiento por su compromiso con los que menos tienen.<\/p>\n<p>En el Montecillo se entregaron dos cajas de pa\u00f1ales a Sandra de la Riva, cuyo hijo de ocho a\u00f1os de edad padece insuficiencia renal, lo que ha ocasionado que desde su nacimiento a la fecha se le hayan practicado 16 cirug\u00edas.<\/p>\n<p>Por \u00faltimo, el equipo entreg\u00f3 dulces a una se\u00f1ora de la tercera edad para que emprenda un negocio y as\u00ed crear un ingreso extra para ella y su familia.<\/p>\n<p>La funcionaria manifest\u00f3 que la intenci\u00f3n de la administraci\u00f3n actual es favorecer a los jerezanos de todos los sectores para consolidar el desarrollo social del municipio.<\/p>\n","protected":false},"excerpt":{"rendered":"<div class=\"mh-excerpt\"><p>El Departamento de Atenci\u00f3n Ciudadana y Gesti\u00f3n Social, v\u00ednculo del Gobierno de Antonio Aceves S\u00e1nchez con quienes m\u00e1s lo necesitan, entreg\u00f3 apoyos de pa\u00f1ales, despensas <a class=\"mh-excerpt-more\" href=\"https:\/\/raicesjerezanas.com\/?p=2045\" title=\"ATENCI\u00d3N CIUDADANA ENTREGA APOYOS A FAMILIAS VULNERABLES\">&#8230;<\/a><\/p>\n<\/div>","protected":false},"author":1,"featured_media":2046,"comment_status":"closed","ping_status":"closed","sticky":false,"template":"","format":"standard","meta":{"footnotes":""},"categories":[],"tags":[],"class_list":["post-2045","post","type-post","status-publish","format-standard","has-post-thumbnail","hentry"],"_links":{"self":[{"href":"https:\/\/raicesjerezanas.com\/index.php?rest_route=\/wp\/v2\/posts\/2045","targetHints":{"allow":["GET"]}}],"collection":[{"href":"https:\/\/raicesjerezanas.com\/index.php?rest_route=\/wp\/v2\/posts"}],"about":[{"href":"https:\/\/raicesjerezanas.com\/index.php?rest_route=\/wp\/v2\/types\/post"}],"author":[{"embeddable":true,"href":"https:\/\/raicesjerezanas.com\/index.php?rest_route=\/wp\/v2\/users\/1"}],"replies":[{"embeddable":true,"href":"https:\/\/raicesjerezanas.com\/index.php?rest_route=%2Fwp%2Fv2%2Fcomments&post=2045"}],"version-history":[{"count":0,"href":"https:\/\/raicesjerezanas.com\/index.php?rest_route=\/wp\/v2\/posts\/2045\/revisions"}],"wp:featuredmedia":[{"embeddable":true,"href":"https:\/\/raicesjerezanas.com\/index.php?rest_route=\/wp\/v2\/media\/2046"}],"wp:attachment":[{"href":"https:\/\/raicesjerezanas.com\/index.php?rest_route=%2Fwp%2Fv2%2Fmedia&parent=2045"}],"wp:term":[{"taxonomy":"category","embeddable":true,"href":"https:\/\/raicesjerezanas.com\/index.php?rest_route=%2Fwp%2Fv2%2Fcategories&post=2045"},{"taxonomy":"post_tag","embeddable":true,"href":"https:\/\/raicesjerezanas.com\/index.php?rest_route=%2Fwp%2Fv2%2Ftags&post=2045"}],"curies":[{"name":"wp","href":"https:\/\/api.w.org\/{rel}","templated":true}]}}