{"id":2047,"date":"2019-08-21T15:09:36","date_gmt":"2019-08-21T20:09:36","guid":{"rendered":"https:\/\/raicesjerezanas.com\/?p=2047"},"modified":"2019-08-21T15:09:36","modified_gmt":"2019-08-21T20:09:36","slug":"donan-ropa-a-beneficiarios-de-cdc","status":"publish","type":"post","link":"https:\/\/raicesjerezanas.com\/?p=2047","title":{"rendered":"DONAN ROPA A BENEFICIARIOS DE CDC"},"content":{"rendered":"<p>A trav\u00e9s de la Jefatura Operativa, el DIF Municipal de Jerez emprendi\u00f3 una donaci\u00f3n de ropa y otros art\u00edculos en el Centro de Desarrollo Comunitario (CDC) El Molino, que fueron entregados a parte del grupo abierto y de la tercera edad.<\/p>\n<p>Con el donativo se ayud\u00f3 a 28 familias, por lo que la instituci\u00f3n que preside Nayeli \u00c1lvarez Haro, agradece la buena voluntad de los ciudadanos ya que cada vez son m\u00e1s los jerezanos vulnerables que se suman a los padrones de apoyo.<\/p>\n<p>Los beneficiarios agradecieron contentos la atenci\u00f3n de las autoridades, a quienes solicitaron continuar con su compromiso de ayudar a quienes menos tienen.<\/p>\n","protected":false},"excerpt":{"rendered":"<div class=\"mh-excerpt\"><p>A trav\u00e9s de la Jefatura Operativa, el DIF Municipal de Jerez emprendi\u00f3 una donaci\u00f3n de ropa y otros art\u00edculos en el Centro de Desarrollo Comunitario <a class=\"mh-excerpt-more\" href=\"https:\/\/raicesjerezanas.com\/?p=2047\" title=\"DONAN ROPA A BENEFICIARIOS DE CDC\">&#8230;<\/a><\/p>\n<\/div>","protected":false},"author":1,"featured_media":2049,"comment_status":"closed","ping_status":"closed","sticky":false,"template":"","format":"standard","meta":{"footnotes":""},"categories":[],"tags":[],"class_list":["post-2047","post","type-post","status-publish","format-standard","has-post-thumbnail","hentry"],"_links":{"self":[{"href":"https:\/\/raicesjerezanas.com\/index.php?rest_route=\/wp\/v2\/posts\/2047","targetHints":{"allow":["GET"]}}],"collection":[{"href":"https:\/\/raicesjerezanas.com\/index.php?rest_route=\/wp\/v2\/posts"}],"about":[{"href":"https:\/\/raicesjerezanas.com\/index.php?rest_route=\/wp\/v2\/types\/post"}],"author":[{"embeddable":true,"href":"https:\/\/raicesjerezanas.com\/index.php?rest_route=\/wp\/v2\/users\/1"}],"replies":[{"embeddable":true,"href":"https:\/\/raicesjerezanas.com\/index.php?rest_route=%2Fwp%2Fv2%2Fcomments&post=2047"}],"version-history":[{"count":0,"href":"https:\/\/raicesjerezanas.com\/index.php?rest_route=\/wp\/v2\/posts\/2047\/revisions"}],"wp:featuredmedia":[{"embeddable":true,"href":"https:\/\/raicesjerezanas.com\/index.php?rest_route=\/wp\/v2\/media\/2049"}],"wp:attachment":[{"href":"https:\/\/raicesjerezanas.com\/index.php?rest_route=%2Fwp%2Fv2%2Fmedia&parent=2047"}],"wp:term":[{"taxonomy":"category","embeddable":true,"href":"https:\/\/raicesjerezanas.com\/index.php?rest_route=%2Fwp%2Fv2%2Fcategories&post=2047"},{"taxonomy":"post_tag","embeddable":true,"href":"https:\/\/raicesjerezanas.com\/index.php?rest_route=%2Fwp%2Fv2%2Ftags&post=2047"}],"curies":[{"name":"wp","href":"https:\/\/api.w.org\/{rel}","templated":true}]}}