{"id":2061,"date":"2019-08-23T14:07:03","date_gmt":"2019-08-23T19:07:03","guid":{"rendered":"https:\/\/raicesjerezanas.com\/?p=2061"},"modified":"2019-08-23T14:07:03","modified_gmt":"2019-08-23T19:07:03","slug":"divertido-rally-de-aniversario-de-jerez-pueblo-magico","status":"publish","type":"post","link":"https:\/\/raicesjerezanas.com\/?p=2061","title":{"rendered":"DIVERTIDO RALLY DE ANIVERSARIO DE JEREZ PUEBLO M\u00c1GICO"},"content":{"rendered":"<p>Para culminar los festejos por el 12 aniversario de Jerez como Pueblo M\u00e1gico, se organiz\u00f3 un din\u00e1mico Rally por los principales puntos hist\u00f3ricos, emblem\u00e1ticos y tur\u00edsticos del municipio, resultando ganador el equipo de la Direcci\u00f3n de Seguridad P\u00fablica Municipal (DSPM).<\/p>\n<p>Alba Dena Pereyra, titular del Departamento de Turismo Municipal, felicit\u00f3 a los participantes por involucrarse en una actividad cultural y de aprendizaje que los llev\u00f3 a conocer m\u00e1s sobre Jerez.<\/p>\n<p>De la Alameda Garc\u00eda Salinas partieron cuatro equipos con cinco integrantes, pertenecientes a la Universidad Aut\u00f3noma de Zacatecas (UAZ) campus Jerez, la Delegaci\u00f3n de Seguridad Vial, la DSPM y el DIF Municipal, a los que se les asignaron los colores azul, naranja, amarillo y caf\u00e9.<\/p>\n<p>Durante tres horas recorrieron nueve estaciones con retos referentes al lugar, como leer un libro en la Biblioteca Modelo o nadar en el Centro Recreativo Las Margaritas, para adquirir sellos y pistas que los llevaran a la siguiente base.<\/p>\n<p>Otros puntos visitados fueron la Plaza de Toros, edificio de la Torre, jard\u00edn Rafael P\u00e1ez, la Casa Museo Ram\u00f3n L\u00f3pez Velarde, el Monumento al Migrante, la Glorieta Francisco Garc\u00eda Salinas y finalmente el jard\u00edn Hidalgo.<\/p>\n<p>El primer equipo en culminar todas sus tareas fue el de la DSPM, seguidos de la UAZ, DIF Municipal y Seguridad Vial.<\/p>\n","protected":false},"excerpt":{"rendered":"<div class=\"mh-excerpt\"><p>Para culminar los festejos por el 12 aniversario de Jerez como Pueblo M\u00e1gico, se organiz\u00f3 un din\u00e1mico Rally por los principales puntos hist\u00f3ricos, emblem\u00e1ticos y <a class=\"mh-excerpt-more\" href=\"https:\/\/raicesjerezanas.com\/?p=2061\" title=\"DIVERTIDO RALLY DE ANIVERSARIO DE JEREZ PUEBLO M\u00c1GICO\">&#8230;<\/a><\/p>\n<\/div>","protected":false},"author":1,"featured_media":2062,"comment_status":"closed","ping_status":"closed","sticky":false,"template":"","format":"standard","meta":{"footnotes":""},"categories":[],"tags":[],"class_list":["post-2061","post","type-post","status-publish","format-standard","has-post-thumbnail","hentry"],"_links":{"self":[{"href":"https:\/\/raicesjerezanas.com\/index.php?rest_route=\/wp\/v2\/posts\/2061","targetHints":{"allow":["GET"]}}],"collection":[{"href":"https:\/\/raicesjerezanas.com\/index.php?rest_route=\/wp\/v2\/posts"}],"about":[{"href":"https:\/\/raicesjerezanas.com\/index.php?rest_route=\/wp\/v2\/types\/post"}],"author":[{"embeddable":true,"href":"https:\/\/raicesjerezanas.com\/index.php?rest_route=\/wp\/v2\/users\/1"}],"replies":[{"embeddable":true,"href":"https:\/\/raicesjerezanas.com\/index.php?rest_route=%2Fwp%2Fv2%2Fcomments&post=2061"}],"version-history":[{"count":0,"href":"https:\/\/raicesjerezanas.com\/index.php?rest_route=\/wp\/v2\/posts\/2061\/revisions"}],"wp:featuredmedia":[{"embeddable":true,"href":"https:\/\/raicesjerezanas.com\/index.php?rest_route=\/wp\/v2\/media\/2062"}],"wp:attachment":[{"href":"https:\/\/raicesjerezanas.com\/index.php?rest_route=%2Fwp%2Fv2%2Fmedia&parent=2061"}],"wp:term":[{"taxonomy":"category","embeddable":true,"href":"https:\/\/raicesjerezanas.com\/index.php?rest_route=%2Fwp%2Fv2%2Fcategories&post=2061"},{"taxonomy":"post_tag","embeddable":true,"href":"https:\/\/raicesjerezanas.com\/index.php?rest_route=%2Fwp%2Fv2%2Ftags&post=2061"}],"curies":[{"name":"wp","href":"https:\/\/api.w.org\/{rel}","templated":true}]}}