{"id":2063,"date":"2019-08-23T14:11:31","date_gmt":"2019-08-23T19:11:31","guid":{"rendered":"https:\/\/raicesjerezanas.com\/?p=2063"},"modified":"2019-08-23T14:11:31","modified_gmt":"2019-08-23T19:11:31","slug":"signa-aceves-sanchez-convenios-en-materia-educativa","status":"publish","type":"post","link":"https:\/\/raicesjerezanas.com\/?p=2063","title":{"rendered":"SIGNA ACEVES S\u00c1NCHEZ CONVENIOS EN MATERIA EDUCATIVA"},"content":{"rendered":"<p>Antonio Aceves S\u00e1nchez, Presidente Municipal de Jerez, firm\u00f3 dos convenios de colaboraci\u00f3n que abonar\u00e1n al desarrollo educativo de todos los jerezanos.<\/p>\n<p>Promovidos en conjunto con el Instituto Zacatecano de Educaci\u00f3n para Adultos (IZEA), el primero de ellos contempla el establecimiento y operaci\u00f3n de dos plazas comunitarias para capacitar en sistemas computacionales a los jerezanos adscritos a dicho organismo.<\/p>\n<p>Ambas plazas estar\u00e1n ubicadas en el Centro Comunitario de la colonia San Isidro y en la Plaza SUMAR de la colonia El Molino.<\/p>\n<p>Junto al Director General del IZEA, Carlos Pe\u00f1a Badillo, el alcalde tambi\u00e9n convino el inicio de la Jornada de Educaci\u00f3n B\u00e1sica en el municipio.<\/p>\n<p>Tal esquema permitir\u00e1 que los interesados se incorporen y acrediten sus estudios de primaria y secundaria en el cometido de elevar las competencias b\u00e1sicas de lectura y escritura en la localidad.<\/p>\n","protected":false},"excerpt":{"rendered":"<div class=\"mh-excerpt\"><p>Antonio Aceves S\u00e1nchez, Presidente Municipal de Jerez, firm\u00f3 dos convenios de colaboraci\u00f3n que abonar\u00e1n al desarrollo educativo de todos los jerezanos. Promovidos en conjunto con <a class=\"mh-excerpt-more\" href=\"https:\/\/raicesjerezanas.com\/?p=2063\" title=\"SIGNA ACEVES S\u00c1NCHEZ CONVENIOS EN MATERIA EDUCATIVA\">&#8230;<\/a><\/p>\n<\/div>","protected":false},"author":1,"featured_media":2064,"comment_status":"closed","ping_status":"closed","sticky":false,"template":"","format":"standard","meta":{"footnotes":""},"categories":[],"tags":[],"class_list":["post-2063","post","type-post","status-publish","format-standard","has-post-thumbnail","hentry"],"_links":{"self":[{"href":"https:\/\/raicesjerezanas.com\/index.php?rest_route=\/wp\/v2\/posts\/2063","targetHints":{"allow":["GET"]}}],"collection":[{"href":"https:\/\/raicesjerezanas.com\/index.php?rest_route=\/wp\/v2\/posts"}],"about":[{"href":"https:\/\/raicesjerezanas.com\/index.php?rest_route=\/wp\/v2\/types\/post"}],"author":[{"embeddable":true,"href":"https:\/\/raicesjerezanas.com\/index.php?rest_route=\/wp\/v2\/users\/1"}],"replies":[{"embeddable":true,"href":"https:\/\/raicesjerezanas.com\/index.php?rest_route=%2Fwp%2Fv2%2Fcomments&post=2063"}],"version-history":[{"count":0,"href":"https:\/\/raicesjerezanas.com\/index.php?rest_route=\/wp\/v2\/posts\/2063\/revisions"}],"wp:featuredmedia":[{"embeddable":true,"href":"https:\/\/raicesjerezanas.com\/index.php?rest_route=\/wp\/v2\/media\/2064"}],"wp:attachment":[{"href":"https:\/\/raicesjerezanas.com\/index.php?rest_route=%2Fwp%2Fv2%2Fmedia&parent=2063"}],"wp:term":[{"taxonomy":"category","embeddable":true,"href":"https:\/\/raicesjerezanas.com\/index.php?rest_route=%2Fwp%2Fv2%2Fcategories&post=2063"},{"taxonomy":"post_tag","embeddable":true,"href":"https:\/\/raicesjerezanas.com\/index.php?rest_route=%2Fwp%2Fv2%2Ftags&post=2063"}],"curies":[{"name":"wp","href":"https:\/\/api.w.org\/{rel}","templated":true}]}}