{"id":2065,"date":"2019-08-25T18:12:24","date_gmt":"2019-08-25T23:12:24","guid":{"rendered":"https:\/\/raicesjerezanas.com\/?p=2065"},"modified":"2019-08-25T18:12:24","modified_gmt":"2019-08-25T23:12:24","slug":"sabado-de-cuentos-reune-familias-en-torno-a-la-lectura","status":"publish","type":"post","link":"https:\/\/raicesjerezanas.com\/?p=2065","title":{"rendered":"S\u00c1BADO DE CUENTOS RE\u00daNE FAMILIAS EN TORNO A LA LECTURA"},"content":{"rendered":"<p>Como cada s\u00e1bado el Departamento de Turismo Municipal present\u00f3 al narrador Andr\u00e9s Brise\u00f1o, quien nuevamente transport\u00f3 a chicos y grandes a mundos llenos de aventura a trav\u00e9s de obras literarias.<\/p>\n<p>En el marco del D\u00eda del Lector, el cuenta cuentos interpret\u00f3 con m\u00e1s entusiasmo que nunca diversas leyendas como El trailero de la carretera, El pozo de las cadenas y El Sue\u00f1o del tesoro, todas de tradici\u00f3n oral y cuento popular mexicano.<\/p>\n<p>Tambi\u00e9n tuvieron cabida las historias de La rumorosa y los aparecidos, pertenecientes a la colecci\u00f3n CONAFE, adem\u00e1s de una compilaci\u00f3n hecha por alumnos de Telebachillerato bajo el nombre de Leyendas de Susticac\u00e1n.<\/p>\n<p>El clima nublado propici\u00f3 en el Jard\u00edn Hidalgo un ambiente acorde al tipo de ficciones narradas, con una sensaci\u00f3n de misterio y expectaci\u00f3n.<\/p>\n","protected":false},"excerpt":{"rendered":"<div class=\"mh-excerpt\"><p>Como cada s\u00e1bado el Departamento de Turismo Municipal present\u00f3 al narrador Andr\u00e9s Brise\u00f1o, quien nuevamente transport\u00f3 a chicos y grandes a mundos llenos de aventura <a class=\"mh-excerpt-more\" href=\"https:\/\/raicesjerezanas.com\/?p=2065\" title=\"S\u00c1BADO DE CUENTOS RE\u00daNE FAMILIAS EN TORNO A LA LECTURA\">&#8230;<\/a><\/p>\n<\/div>","protected":false},"author":1,"featured_media":2066,"comment_status":"closed","ping_status":"closed","sticky":false,"template":"","format":"standard","meta":{"footnotes":""},"categories":[],"tags":[],"class_list":["post-2065","post","type-post","status-publish","format-standard","has-post-thumbnail","hentry"],"_links":{"self":[{"href":"https:\/\/raicesjerezanas.com\/index.php?rest_route=\/wp\/v2\/posts\/2065","targetHints":{"allow":["GET"]}}],"collection":[{"href":"https:\/\/raicesjerezanas.com\/index.php?rest_route=\/wp\/v2\/posts"}],"about":[{"href":"https:\/\/raicesjerezanas.com\/index.php?rest_route=\/wp\/v2\/types\/post"}],"author":[{"embeddable":true,"href":"https:\/\/raicesjerezanas.com\/index.php?rest_route=\/wp\/v2\/users\/1"}],"replies":[{"embeddable":true,"href":"https:\/\/raicesjerezanas.com\/index.php?rest_route=%2Fwp%2Fv2%2Fcomments&post=2065"}],"version-history":[{"count":0,"href":"https:\/\/raicesjerezanas.com\/index.php?rest_route=\/wp\/v2\/posts\/2065\/revisions"}],"wp:featuredmedia":[{"embeddable":true,"href":"https:\/\/raicesjerezanas.com\/index.php?rest_route=\/wp\/v2\/media\/2066"}],"wp:attachment":[{"href":"https:\/\/raicesjerezanas.com\/index.php?rest_route=%2Fwp%2Fv2%2Fmedia&parent=2065"}],"wp:term":[{"taxonomy":"category","embeddable":true,"href":"https:\/\/raicesjerezanas.com\/index.php?rest_route=%2Fwp%2Fv2%2Fcategories&post=2065"},{"taxonomy":"post_tag","embeddable":true,"href":"https:\/\/raicesjerezanas.com\/index.php?rest_route=%2Fwp%2Fv2%2Ftags&post=2065"}],"curies":[{"name":"wp","href":"https:\/\/api.w.org\/{rel}","templated":true}]}}