{"id":2067,"date":"2019-08-26T22:51:38","date_gmt":"2019-08-27T03:51:38","guid":{"rendered":"https:\/\/raicesjerezanas.com\/?p=2067"},"modified":"2019-08-26T22:51:38","modified_gmt":"2019-08-27T03:51:38","slug":"promueven-estrategia-de-empoderamiento-femenino-y-prevencion-de-la-violencia-de-genero","status":"publish","type":"post","link":"https:\/\/raicesjerezanas.com\/?p=2067","title":{"rendered":"PROMUEVEN ESTRATEGIA DE EMPODERAMIENTO FEMENINO Y PREVENCI\u00d3N DE LA VIOLENCIA DE G\u00c9NERO"},"content":{"rendered":"<p>Para erradicar la violencia de g\u00e9nero mediante la coparticipaci\u00f3n social, el Ayuntamiento de Jerez a trav\u00e9s del INMUJE, invita a las actividades denominadas El Empoderamiento de la Mujer.<\/p>\n<p>Griselda Salcedo Ibarra, titular del Instituto de la Mujer Jerezana (INMUJE), destac\u00f3 el firme prop\u00f3sito del gobierno de Antonio Aceves S\u00e1nchez de sentar las bases de una cultura preventiva desde el seno familiar, que seg\u00fan las estad\u00edsticas, es donde comienza la violencia de g\u00e9nero y la subestimaci\u00f3n de las mujeres.<\/p>\n<p>Del 28 al 30 de agosto se impartir\u00e1 el taller Las Nuevas Masculinidades, enfocado al empoderamiento de ambos sexos para cambiar perspectivas equ\u00edvocas y arraigadas en los usos y costumbres de la sociedad.<\/p>\n<p>De manera gratuita tendr\u00e1 lugar en el Hospital General, el Centro de Desarrollo Comunitario (CDC) Artesanal y el Centro de Salud.<\/p>\n<p>Las actividades concluir\u00e1n en la plaza Tacuba con la puesta en escena Valientes, a cargo de la compa\u00f1\u00eda Ci\u00e9nega Teatro, dirigida al sector educativo de nivel primaria.<\/p>\n","protected":false},"excerpt":{"rendered":"<div class=\"mh-excerpt\"><p>Para erradicar la violencia de g\u00e9nero mediante la coparticipaci\u00f3n social, el Ayuntamiento de Jerez a trav\u00e9s del INMUJE, invita a las actividades denominadas El Empoderamiento <a class=\"mh-excerpt-more\" href=\"https:\/\/raicesjerezanas.com\/?p=2067\" title=\"PROMUEVEN ESTRATEGIA DE EMPODERAMIENTO FEMENINO Y PREVENCI\u00d3N DE LA VIOLENCIA DE G\u00c9NERO\">&#8230;<\/a><\/p>\n<\/div>","protected":false},"author":1,"featured_media":2068,"comment_status":"closed","ping_status":"closed","sticky":false,"template":"","format":"standard","meta":{"footnotes":""},"categories":[],"tags":[],"class_list":["post-2067","post","type-post","status-publish","format-standard","has-post-thumbnail","hentry"],"_links":{"self":[{"href":"https:\/\/raicesjerezanas.com\/index.php?rest_route=\/wp\/v2\/posts\/2067","targetHints":{"allow":["GET"]}}],"collection":[{"href":"https:\/\/raicesjerezanas.com\/index.php?rest_route=\/wp\/v2\/posts"}],"about":[{"href":"https:\/\/raicesjerezanas.com\/index.php?rest_route=\/wp\/v2\/types\/post"}],"author":[{"embeddable":true,"href":"https:\/\/raicesjerezanas.com\/index.php?rest_route=\/wp\/v2\/users\/1"}],"replies":[{"embeddable":true,"href":"https:\/\/raicesjerezanas.com\/index.php?rest_route=%2Fwp%2Fv2%2Fcomments&post=2067"}],"version-history":[{"count":0,"href":"https:\/\/raicesjerezanas.com\/index.php?rest_route=\/wp\/v2\/posts\/2067\/revisions"}],"wp:featuredmedia":[{"embeddable":true,"href":"https:\/\/raicesjerezanas.com\/index.php?rest_route=\/wp\/v2\/media\/2068"}],"wp:attachment":[{"href":"https:\/\/raicesjerezanas.com\/index.php?rest_route=%2Fwp%2Fv2%2Fmedia&parent=2067"}],"wp:term":[{"taxonomy":"category","embeddable":true,"href":"https:\/\/raicesjerezanas.com\/index.php?rest_route=%2Fwp%2Fv2%2Fcategories&post=2067"},{"taxonomy":"post_tag","embeddable":true,"href":"https:\/\/raicesjerezanas.com\/index.php?rest_route=%2Fwp%2Fv2%2Ftags&post=2067"}],"curies":[{"name":"wp","href":"https:\/\/api.w.org\/{rel}","templated":true}]}}