{"id":2069,"date":"2019-08-27T16:31:43","date_gmt":"2019-08-27T21:31:43","guid":{"rendered":"https:\/\/raicesjerezanas.com\/?p=2069"},"modified":"2019-08-27T16:31:43","modified_gmt":"2019-08-27T21:31:43","slug":"reestableceran-en-jerez-servicio-de-semaforos","status":"publish","type":"post","link":"https:\/\/raicesjerezanas.com\/?p=2069","title":{"rendered":"REESTABLECER\u00c1N EN JEREZ SERVICIO DE SEM\u00c1FOROS"},"content":{"rendered":"<p>Dada la inquietud de los ciudadanos ante las condiciones de los sem\u00e1foros de la ciudad, el alcalde Antonio Aceves S\u00e1nchez inform\u00f3 que en pr\u00f3ximos d\u00edas ser\u00e1n reestablecidos luego de la subsanaci\u00f3n del pago de la Secretar\u00eda de Finanzas ante la CFE.<\/p>\n<p>Precis\u00f3 que la problem\u00e1tica fue ajena a la administraci\u00f3n que encabeza, toda vez que result\u00f3 del adeudo de la dependencia estatal con la Comisi\u00f3n Federal de Electricidad (CFE).<\/p>\n<p>Por tal motivo el municipio est\u00e1 a la espera de la renovaci\u00f3n de contratos, ya que al tener m\u00e1s de un mes de vencimiento fueron suprimidos.<\/p>\n<p>Destac\u00f3 que gracias a los esfuerzos conjuntos con la Delegaci\u00f3n de Seguridad Vial, durante las semanas que lleva el desperfecto se logr\u00f3 implementar un buen operativo para mantener el orden, desde las 7 de la ma\u00f1ana a 9 de la noche en las principales arterias de la cabecera municipal, gracias al cual no se ha registrado ning\u00fan incidente.<\/p>\n<p>El Delegado Dagoberto Monroy Carrillo ahond\u00f3 en que los desperfectos derivaron de retrasos administrativos que al d\u00eda de hoy ya fueron subsanados.<\/p>\n<p>Tanto el Presidente Municipal como el funcionario solicitaron comprensi\u00f3n a la ciudadan\u00eda, asegurando que no hay que buscar culpables sino soluciones a favor del bienestar de los jerezanos.<\/p>\n","protected":false},"excerpt":{"rendered":"<div class=\"mh-excerpt\"><p>Dada la inquietud de los ciudadanos ante las condiciones de los sem\u00e1foros de la ciudad, el alcalde Antonio Aceves S\u00e1nchez inform\u00f3 que en pr\u00f3ximos d\u00edas <a class=\"mh-excerpt-more\" href=\"https:\/\/raicesjerezanas.com\/?p=2069\" title=\"REESTABLECER\u00c1N EN JEREZ SERVICIO DE SEM\u00c1FOROS\">&#8230;<\/a><\/p>\n<\/div>","protected":false},"author":1,"featured_media":2070,"comment_status":"closed","ping_status":"closed","sticky":false,"template":"","format":"standard","meta":{"footnotes":""},"categories":[],"tags":[],"class_list":["post-2069","post","type-post","status-publish","format-standard","has-post-thumbnail","hentry"],"_links":{"self":[{"href":"https:\/\/raicesjerezanas.com\/index.php?rest_route=\/wp\/v2\/posts\/2069","targetHints":{"allow":["GET"]}}],"collection":[{"href":"https:\/\/raicesjerezanas.com\/index.php?rest_route=\/wp\/v2\/posts"}],"about":[{"href":"https:\/\/raicesjerezanas.com\/index.php?rest_route=\/wp\/v2\/types\/post"}],"author":[{"embeddable":true,"href":"https:\/\/raicesjerezanas.com\/index.php?rest_route=\/wp\/v2\/users\/1"}],"replies":[{"embeddable":true,"href":"https:\/\/raicesjerezanas.com\/index.php?rest_route=%2Fwp%2Fv2%2Fcomments&post=2069"}],"version-history":[{"count":0,"href":"https:\/\/raicesjerezanas.com\/index.php?rest_route=\/wp\/v2\/posts\/2069\/revisions"}],"wp:featuredmedia":[{"embeddable":true,"href":"https:\/\/raicesjerezanas.com\/index.php?rest_route=\/wp\/v2\/media\/2070"}],"wp:attachment":[{"href":"https:\/\/raicesjerezanas.com\/index.php?rest_route=%2Fwp%2Fv2%2Fmedia&parent=2069"}],"wp:term":[{"taxonomy":"category","embeddable":true,"href":"https:\/\/raicesjerezanas.com\/index.php?rest_route=%2Fwp%2Fv2%2Fcategories&post=2069"},{"taxonomy":"post_tag","embeddable":true,"href":"https:\/\/raicesjerezanas.com\/index.php?rest_route=%2Fwp%2Fv2%2Ftags&post=2069"}],"curies":[{"name":"wp","href":"https:\/\/api.w.org\/{rel}","templated":true}]}}