{"id":2071,"date":"2019-08-27T16:37:19","date_gmt":"2019-08-27T21:37:19","guid":{"rendered":"https:\/\/raicesjerezanas.com\/?p=2071"},"modified":"2019-08-27T16:37:19","modified_gmt":"2019-08-27T21:37:19","slug":"antonio-aceves-preside-ceremonia-de-inicio-del-ciclo-escolar-2019-2020","status":"publish","type":"post","link":"https:\/\/raicesjerezanas.com\/?p=2071","title":{"rendered":"ANTONIO ACEVES PRESIDE CEREMONIA DE INICIO DEL CICLO ESCOLAR 2019-2020"},"content":{"rendered":"<p>\u201cLa formaci\u00f3n acad\u00e9mica de los alumnos es y ser\u00e1 siempre muy importante porque es la base de construcci\u00f3n de un mejor futuro de los ni\u00f1os y es la \u00fanica garant\u00eda de M\u00e9xico salga adelante\u201d, manifest\u00f3 el alcalde Antonio Aceves S\u00e1nchez durante la inauguraci\u00f3n del ciclo escolar 2019-2020 en Jerez.<\/p>\n<p>En la Escuela Primaria General Ignacio Zaragoza, Aceves S\u00e1nchez asegur\u00f3 que sin educaci\u00f3n no hay progreso, justicia, igualdad ni estado de derecho, por eso la importancia de crear una mejor sociedad a trav\u00e9s de ella.<\/p>\n<p>Adem\u00e1s de reconocer a los padres de familia por su esfuerzo en la formaci\u00f3n de nuevas generaciones, reiter\u00f3 su disponibilidad de trabajar a favor de los estudiantes jerezanos, por lo que en este ciclo ir\u00e1n de la mano con distintos sectores para elevar el nivel de calidad.<\/p>\n<p>Mar\u00eda Guadalupe Galv\u00e1n Rosales, Directora de la Regi\u00f3n Educativa 08 Federalizada, destac\u00f3 que en este nuevo ciclo escolar que reci\u00e9n inicia se orientar\u00e1 a una educaci\u00f3n integral para la paz humana.<\/p>\n<p>Luego del mensaje de la alumna Jazm\u00edn Ram\u00edrez se celebraron honores a la Bandera y se realiz\u00f3 la entrega de los libros de texto de todos los grados del plantel.<\/p>\n<p>Estuvieron presentes Nohem\u00ed Estrada, Directora de la Regi\u00f3n Educativa 08 Estatal; Mar\u00eda Luisa de Robles de Casas, Directora de la Escuela y Pedro de la Torre, Subdirector.<\/p>\n","protected":false},"excerpt":{"rendered":"<div class=\"mh-excerpt\"><p>\u201cLa formaci\u00f3n acad\u00e9mica de los alumnos es y ser\u00e1 siempre muy importante porque es la base de construcci\u00f3n de un mejor futuro de los ni\u00f1os <a class=\"mh-excerpt-more\" href=\"https:\/\/raicesjerezanas.com\/?p=2071\" title=\"ANTONIO ACEVES PRESIDE CEREMONIA DE INICIO DEL CICLO ESCOLAR 2019-2020\">&#8230;<\/a><\/p>\n<\/div>","protected":false},"author":1,"featured_media":2072,"comment_status":"closed","ping_status":"closed","sticky":false,"template":"","format":"standard","meta":{"footnotes":""},"categories":[],"tags":[],"class_list":["post-2071","post","type-post","status-publish","format-standard","has-post-thumbnail","hentry"],"_links":{"self":[{"href":"https:\/\/raicesjerezanas.com\/index.php?rest_route=\/wp\/v2\/posts\/2071","targetHints":{"allow":["GET"]}}],"collection":[{"href":"https:\/\/raicesjerezanas.com\/index.php?rest_route=\/wp\/v2\/posts"}],"about":[{"href":"https:\/\/raicesjerezanas.com\/index.php?rest_route=\/wp\/v2\/types\/post"}],"author":[{"embeddable":true,"href":"https:\/\/raicesjerezanas.com\/index.php?rest_route=\/wp\/v2\/users\/1"}],"replies":[{"embeddable":true,"href":"https:\/\/raicesjerezanas.com\/index.php?rest_route=%2Fwp%2Fv2%2Fcomments&post=2071"}],"version-history":[{"count":0,"href":"https:\/\/raicesjerezanas.com\/index.php?rest_route=\/wp\/v2\/posts\/2071\/revisions"}],"wp:featuredmedia":[{"embeddable":true,"href":"https:\/\/raicesjerezanas.com\/index.php?rest_route=\/wp\/v2\/media\/2072"}],"wp:attachment":[{"href":"https:\/\/raicesjerezanas.com\/index.php?rest_route=%2Fwp%2Fv2%2Fmedia&parent=2071"}],"wp:term":[{"taxonomy":"category","embeddable":true,"href":"https:\/\/raicesjerezanas.com\/index.php?rest_route=%2Fwp%2Fv2%2Fcategories&post=2071"},{"taxonomy":"post_tag","embeddable":true,"href":"https:\/\/raicesjerezanas.com\/index.php?rest_route=%2Fwp%2Fv2%2Ftags&post=2071"}],"curies":[{"name":"wp","href":"https:\/\/api.w.org\/{rel}","templated":true}]}}