{"id":2075,"date":"2019-08-28T19:04:43","date_gmt":"2019-08-29T00:04:43","guid":{"rendered":"https:\/\/raicesjerezanas.com\/?p=2075"},"modified":"2019-08-28T19:04:43","modified_gmt":"2019-08-29T00:04:43","slug":"siempre-sere-un-aliado-de-la-transparencia-antonio-aceves","status":"publish","type":"post","link":"https:\/\/raicesjerezanas.com\/?p=2075","title":{"rendered":"SIEMPRE SER\u00c9 UN ALIADO DE LA TRANSPARENCIA: ANTONIO ACEVES"},"content":{"rendered":"<p>Antonio Aceves S\u00e1nchez, Presidente Municipal de Jerez, particip\u00f3 en la presentaci\u00f3n del Plan Local de Socializaci\u00f3n del Derecho al Acceso a la Informaci\u00f3n (Plan DAI), impulsado por el Instituto Zacatecano de Acceso a la Informaci\u00f3n P\u00fablica y Protecci\u00f3n de Datos Personales (IZAI).<\/p>\n<p>El alcalde manifest\u00f3 que siempre ser\u00e1 un aliado de las grandes causas y planes que permitan servirle mejor a la gente, convencido de que la participaci\u00f3n ciudadana permite que las administraciones trabajen de manera transparente a favor del progreso.<\/p>\n<p>Asegur\u00f3 que en Jerez se decidi\u00f3 tomar la bandera de la transparencia con el fin de caminar de la mano con la sociedad ya que \u201cun gobierno que vive en la opacidad no puede llamarse democr\u00e1tico, abierto y participativo; la transparencia es un gran acto que gana la confianza de la gente, por ello trabajamos en la materia\u00bb, indic\u00f3.<\/p>\n<p>La Comisionada del IZAI y Coordinadora del Plan DAI, Norma Julieta del R\u00edo, explic\u00f3 que la estrategia est\u00e1 orientada a la construcci\u00f3n de una red nacional de socializaci\u00f3n del derecho de acceso a la informaci\u00f3n para reducir brechas de desigualdad y poder beneficiar a los grupos vulnerables de la poblaci\u00f3n.<\/p>\n<p>Yair P\u00e9rez Tamayo, representante del Instituto Nacional de Transparencia, se\u00f1al\u00f3 que tambi\u00e9n se busca la acci\u00f3n colectiva de los gobiernos y dem\u00e1s involucrados para solucionar la problem\u00e1tica que padece la sociedad y con ello disminuir la desigualdad.<\/p>\n<p>Con el Plan DAI se dan a conocer las l\u00edneas de acci\u00f3n que implementar\u00e1n las instituciones de Gobierno Federal, Estatal, Municipal e IZAI, con enfoque a Programas Sociales hacia grupos vulnerables en condiciones de pobreza y pobreza extrema de Zacatecas.<\/p>\n<p>En el estado se participar\u00e1 en cuatro estrategias: Programa de Adultos Mayores, Infraestructura Social B\u00e1sica, Discapacidad y de Mejora Integral.<\/p>\n","protected":false},"excerpt":{"rendered":"<div class=\"mh-excerpt\"><p>Antonio Aceves S\u00e1nchez, Presidente Municipal de Jerez, particip\u00f3 en la presentaci\u00f3n del Plan Local de Socializaci\u00f3n del Derecho al Acceso a la Informaci\u00f3n (Plan DAI), <a class=\"mh-excerpt-more\" href=\"https:\/\/raicesjerezanas.com\/?p=2075\" title=\"SIEMPRE SER\u00c9 UN ALIADO DE LA TRANSPARENCIA: ANTONIO ACEVES\">&#8230;<\/a><\/p>\n<\/div>","protected":false},"author":1,"featured_media":2076,"comment_status":"closed","ping_status":"closed","sticky":false,"template":"","format":"standard","meta":{"footnotes":""},"categories":[],"tags":[],"class_list":["post-2075","post","type-post","status-publish","format-standard","has-post-thumbnail","hentry"],"_links":{"self":[{"href":"https:\/\/raicesjerezanas.com\/index.php?rest_route=\/wp\/v2\/posts\/2075","targetHints":{"allow":["GET"]}}],"collection":[{"href":"https:\/\/raicesjerezanas.com\/index.php?rest_route=\/wp\/v2\/posts"}],"about":[{"href":"https:\/\/raicesjerezanas.com\/index.php?rest_route=\/wp\/v2\/types\/post"}],"author":[{"embeddable":true,"href":"https:\/\/raicesjerezanas.com\/index.php?rest_route=\/wp\/v2\/users\/1"}],"replies":[{"embeddable":true,"href":"https:\/\/raicesjerezanas.com\/index.php?rest_route=%2Fwp%2Fv2%2Fcomments&post=2075"}],"version-history":[{"count":0,"href":"https:\/\/raicesjerezanas.com\/index.php?rest_route=\/wp\/v2\/posts\/2075\/revisions"}],"wp:featuredmedia":[{"embeddable":true,"href":"https:\/\/raicesjerezanas.com\/index.php?rest_route=\/wp\/v2\/media\/2076"}],"wp:attachment":[{"href":"https:\/\/raicesjerezanas.com\/index.php?rest_route=%2Fwp%2Fv2%2Fmedia&parent=2075"}],"wp:term":[{"taxonomy":"category","embeddable":true,"href":"https:\/\/raicesjerezanas.com\/index.php?rest_route=%2Fwp%2Fv2%2Fcategories&post=2075"},{"taxonomy":"post_tag","embeddable":true,"href":"https:\/\/raicesjerezanas.com\/index.php?rest_route=%2Fwp%2Fv2%2Ftags&post=2075"}],"curies":[{"name":"wp","href":"https:\/\/api.w.org\/{rel}","templated":true}]}}