{"id":2083,"date":"2019-08-29T17:50:54","date_gmt":"2019-08-29T22:50:54","guid":{"rendered":"https:\/\/raicesjerezanas.com\/?p=2083"},"modified":"2019-08-29T17:50:54","modified_gmt":"2019-08-29T22:50:54","slug":"ayuntamiento-e-izea-realizan-jornada-de-educacion-basica-en-jerez","status":"publish","type":"post","link":"https:\/\/raicesjerezanas.com\/?p=2083","title":{"rendered":"AYUNTAMIENTO E IZEA REALIZAN JORNADA DE EDUCACI\u00d3N B\u00c1SICA EN JEREZ"},"content":{"rendered":"<p>Para abatir el rezago educativo en Jerez, inici\u00f3 la Jornada de Educaci\u00f3n B\u00e1sica mediante el convenio de colaboraci\u00f3n signado por el Presidente Antonio Aceves S\u00e1nchez con el Instituto Zacatecano de Educaci\u00f3n para Adultos (IZEA).<\/p>\n<p>En sus primeras horas de aplicaci\u00f3n en la Presidencia Municipal, se reunieron m\u00e1s de 20 personas entre j\u00f3venes, adultos mayores y trabajadores del Ayuntamiento a presentar el examen \u00fanico que de aprobarse, les permitir\u00e1 concluir sus estudios de primaria y secundaria.<\/p>\n<p>En representaci\u00f3n del alcalde, el Secretario Particular Jaime Ram\u00edrez asegur\u00f3 que la administraci\u00f3n actual se ocupa en el tema educativo y continuar\u00e1 con colaboraciones interinstitucionales para llevar m\u00e1s alternativas de desarrollo a los jerezanos.<\/p>\n<p>El Coordinador Regional del IZEA Ulises Pinedo, reconoci\u00f3 la amplia disponibilidad de trabajo y altura de miras mostrado por Aceves S\u00e1nchez para abatir el rezago educativo en Jerez que se estima, cuenta con al menos 17 mil personas que han truncado su educaci\u00f3n b\u00e1sica.<\/p>\n<p>La jornada continuar\u00e1 este viernes 30 de agosto en las instalaciones del DIF Municipal de 9 de la ma\u00f1ana a 5 de la tarde, y el registro es totalmente gratuito.<\/p>\n<p>De la misma manera se da atenci\u00f3n permanente y asesor\u00eda personalizada a los interesados en las oficinas del IZEA ubicadas en calle del Santuario n\u00famero 20 de la zona Centro.<\/p>\n","protected":false},"excerpt":{"rendered":"<div class=\"mh-excerpt\"><p>Para abatir el rezago educativo en Jerez, inici\u00f3 la Jornada de Educaci\u00f3n B\u00e1sica mediante el convenio de colaboraci\u00f3n signado por el Presidente Antonio Aceves S\u00e1nchez <a class=\"mh-excerpt-more\" href=\"https:\/\/raicesjerezanas.com\/?p=2083\" title=\"AYUNTAMIENTO E IZEA REALIZAN JORNADA DE EDUCACI\u00d3N B\u00c1SICA EN JEREZ\">&#8230;<\/a><\/p>\n<\/div>","protected":false},"author":1,"featured_media":2084,"comment_status":"closed","ping_status":"closed","sticky":false,"template":"","format":"standard","meta":{"footnotes":""},"categories":[],"tags":[],"class_list":["post-2083","post","type-post","status-publish","format-standard","has-post-thumbnail","hentry"],"_links":{"self":[{"href":"https:\/\/raicesjerezanas.com\/index.php?rest_route=\/wp\/v2\/posts\/2083","targetHints":{"allow":["GET"]}}],"collection":[{"href":"https:\/\/raicesjerezanas.com\/index.php?rest_route=\/wp\/v2\/posts"}],"about":[{"href":"https:\/\/raicesjerezanas.com\/index.php?rest_route=\/wp\/v2\/types\/post"}],"author":[{"embeddable":true,"href":"https:\/\/raicesjerezanas.com\/index.php?rest_route=\/wp\/v2\/users\/1"}],"replies":[{"embeddable":true,"href":"https:\/\/raicesjerezanas.com\/index.php?rest_route=%2Fwp%2Fv2%2Fcomments&post=2083"}],"version-history":[{"count":0,"href":"https:\/\/raicesjerezanas.com\/index.php?rest_route=\/wp\/v2\/posts\/2083\/revisions"}],"wp:featuredmedia":[{"embeddable":true,"href":"https:\/\/raicesjerezanas.com\/index.php?rest_route=\/wp\/v2\/media\/2084"}],"wp:attachment":[{"href":"https:\/\/raicesjerezanas.com\/index.php?rest_route=%2Fwp%2Fv2%2Fmedia&parent=2083"}],"wp:term":[{"taxonomy":"category","embeddable":true,"href":"https:\/\/raicesjerezanas.com\/index.php?rest_route=%2Fwp%2Fv2%2Fcategories&post=2083"},{"taxonomy":"post_tag","embeddable":true,"href":"https:\/\/raicesjerezanas.com\/index.php?rest_route=%2Fwp%2Fv2%2Ftags&post=2083"}],"curies":[{"name":"wp","href":"https:\/\/api.w.org\/{rel}","templated":true}]}}