{"id":2085,"date":"2019-08-30T19:56:06","date_gmt":"2019-08-31T00:56:06","guid":{"rendered":"https:\/\/raicesjerezanas.com\/?p=2085"},"modified":"2019-08-30T19:56:06","modified_gmt":"2019-08-31T00:56:06","slug":"participan-200-jerezanos-en-programa-de-autoempleo","status":"publish","type":"post","link":"https:\/\/raicesjerezanas.com\/?p=2085","title":{"rendered":"PARTICIPAN 200 JEREZANOS EN PROGRAMA DE AUTOEMPLEO"},"content":{"rendered":"<p>Nayeli \u00c1lvarez Haro, Presidenta Honor\u00edfica del DIF Municipal, inaugur\u00f3 los talleres del subprograma B\u00e9cate del Servicio Nacional del Empleo (SNE) en los Centros de Desarrollo Comunitarios (CDC).<\/p>\n<p>Ante los beneficiarios de las modalidades Capacitaci\u00f3n para el autoempleo y Capacitaci\u00f3n en micro y peque\u00f1a empresa, \u00c1lvarez Haro reconoci\u00f3 el empe\u00f1o de los jerezanos de progresar a trav\u00e9s de alternativas como esta que les permiten aprender y fortalecer su econom\u00eda familiar.<\/p>\n<p>Destac\u00f3 que el inter\u00e9s del Gobierno Municipal que preside Antonio Aceves S\u00e1nchez, es poner a disposici\u00f3n de la gente herramientas que les permitan alcanzar sus metas mediante el autoempleo.<\/p>\n<p>200 ciudadanos y 58 negocios locales forman parte de la etapa de capacitaciones en un total de ocho talleres: Carpinter\u00eda en muebles r\u00fasticos, Reposter\u00eda, Bordado mexicano, Talabarter\u00eda, Elaboraci\u00f3n de traje charro, Costura, Plater\u00eda y Arte sacro.<\/p>\n<p>Cada uno se integra por 25 participantes que reciben una beca individual de 2 mil 400 pesos, y deben acreditar una asistencia de 6 a 8 horas diarias seg\u00fan los cursos otorgados en los CDC.<\/p>\n<p>En la segunda modalidad se abrir\u00e1n los talleres de Ventas en atenci\u00f3n a clientes, con duraci\u00f3n de un mes y 50 trabajadores becados, as\u00ed como Recepci\u00f3n de clientes, con duraci\u00f3n de un mes y medio y 25 empleados becados.<\/p>\n","protected":false},"excerpt":{"rendered":"<div class=\"mh-excerpt\"><p>Nayeli \u00c1lvarez Haro, Presidenta Honor\u00edfica del DIF Municipal, inaugur\u00f3 los talleres del subprograma B\u00e9cate del Servicio Nacional del Empleo (SNE) en los Centros de Desarrollo <a class=\"mh-excerpt-more\" href=\"https:\/\/raicesjerezanas.com\/?p=2085\" title=\"PARTICIPAN 200 JEREZANOS EN PROGRAMA DE AUTOEMPLEO\">&#8230;<\/a><\/p>\n<\/div>","protected":false},"author":1,"featured_media":2086,"comment_status":"closed","ping_status":"closed","sticky":false,"template":"","format":"standard","meta":{"footnotes":""},"categories":[],"tags":[],"class_list":["post-2085","post","type-post","status-publish","format-standard","has-post-thumbnail","hentry"],"_links":{"self":[{"href":"https:\/\/raicesjerezanas.com\/index.php?rest_route=\/wp\/v2\/posts\/2085","targetHints":{"allow":["GET"]}}],"collection":[{"href":"https:\/\/raicesjerezanas.com\/index.php?rest_route=\/wp\/v2\/posts"}],"about":[{"href":"https:\/\/raicesjerezanas.com\/index.php?rest_route=\/wp\/v2\/types\/post"}],"author":[{"embeddable":true,"href":"https:\/\/raicesjerezanas.com\/index.php?rest_route=\/wp\/v2\/users\/1"}],"replies":[{"embeddable":true,"href":"https:\/\/raicesjerezanas.com\/index.php?rest_route=%2Fwp%2Fv2%2Fcomments&post=2085"}],"version-history":[{"count":0,"href":"https:\/\/raicesjerezanas.com\/index.php?rest_route=\/wp\/v2\/posts\/2085\/revisions"}],"wp:featuredmedia":[{"embeddable":true,"href":"https:\/\/raicesjerezanas.com\/index.php?rest_route=\/wp\/v2\/media\/2086"}],"wp:attachment":[{"href":"https:\/\/raicesjerezanas.com\/index.php?rest_route=%2Fwp%2Fv2%2Fmedia&parent=2085"}],"wp:term":[{"taxonomy":"category","embeddable":true,"href":"https:\/\/raicesjerezanas.com\/index.php?rest_route=%2Fwp%2Fv2%2Fcategories&post=2085"},{"taxonomy":"post_tag","embeddable":true,"href":"https:\/\/raicesjerezanas.com\/index.php?rest_route=%2Fwp%2Fv2%2Ftags&post=2085"}],"curies":[{"name":"wp","href":"https:\/\/api.w.org\/{rel}","templated":true}]}}