{"id":2097,"date":"2019-09-01T16:49:15","date_gmt":"2019-09-01T21:49:15","guid":{"rendered":"https:\/\/raicesjerezanas.com\/?p=2097"},"modified":"2019-09-05T13:03:22","modified_gmt":"2019-09-05T18:03:22","slug":"conmemoran-xxiii-aniversario-luctuoso-del-maestro-eduardo-avila","status":"publish","type":"post","link":"https:\/\/raicesjerezanas.com\/?p=2097","title":{"rendered":"CONMEMORAN XXIII ANIVERSARIO LUCTUOSO DEL MAESTRO EDUARDO \u00c1VILA"},"content":{"rendered":"<p>El Instituto Jerezano de Cultura (IJC) conmemor\u00f3 el XXIII aniversario luctuoso del Maestro Eduardo \u00c1vila S\u00e1nchez.<\/p>\n<p>En el teatro Hinojosa los Ballets Folcl\u00f3ricos Quetzalcoatl de Buenavista, Tepetongo y el del Maestro Eduardo \u00c1vila S\u00e1nchez, presentaron un programa variado para el deleite de los asistentes.<\/p>\n<p>Con el homenaje se reconoci\u00f3 al fundador de este \u00faltimo ballet, reconoci\u00e9ndolo como amante del baile e impulsor de la cultura en el municipio.<\/p>\n<p>El Director del IJC Miguel \u00c1ngel Salcedo Quezada coment\u00f3 que \u00abla danza como expresi\u00f3n cultural de la naci\u00f3n nos permite poner en alto el nombre de nuestro municipio a trav\u00e9s del entorno cultural del bailable\u00bb.<\/p>\n<p>Al mismo tiempo agradeci\u00f3 a los familiares del homenajeado y al p\u00fablico asistente.<\/p>\n<p>El ballet del municipio de Tepetongo integr\u00f3 a su presentaci\u00f3n sones de Tierra Caliente de Apatzing\u00e1n, el Sotavento al Fandango Veracruzano y sones de Jalisco.<\/p>\n<p>Por su parte el grupo jerezano demostr\u00f3 su talento al bailar las estampas de Arriba el Norte y Huapango de Moncayo.<\/p>\n","protected":false},"excerpt":{"rendered":"<div class=\"mh-excerpt\"><p>El Instituto Jerezano de Cultura (IJC) conmemor\u00f3 el XXIII aniversario luctuoso del Maestro Eduardo \u00c1vila S\u00e1nchez. En el teatro Hinojosa los Ballets Folcl\u00f3ricos Quetzalcoatl de <a class=\"mh-excerpt-more\" href=\"https:\/\/raicesjerezanas.com\/?p=2097\" title=\"CONMEMORAN XXIII ANIVERSARIO LUCTUOSO DEL MAESTRO EDUARDO \u00c1VILA\">&#8230;<\/a><\/p>\n<\/div>","protected":false},"author":1,"featured_media":2098,"comment_status":"closed","ping_status":"closed","sticky":false,"template":"","format":"standard","meta":{"footnotes":""},"categories":[],"tags":[],"class_list":["post-2097","post","type-post","status-publish","format-standard","has-post-thumbnail","hentry"],"_links":{"self":[{"href":"https:\/\/raicesjerezanas.com\/index.php?rest_route=\/wp\/v2\/posts\/2097","targetHints":{"allow":["GET"]}}],"collection":[{"href":"https:\/\/raicesjerezanas.com\/index.php?rest_route=\/wp\/v2\/posts"}],"about":[{"href":"https:\/\/raicesjerezanas.com\/index.php?rest_route=\/wp\/v2\/types\/post"}],"author":[{"embeddable":true,"href":"https:\/\/raicesjerezanas.com\/index.php?rest_route=\/wp\/v2\/users\/1"}],"replies":[{"embeddable":true,"href":"https:\/\/raicesjerezanas.com\/index.php?rest_route=%2Fwp%2Fv2%2Fcomments&post=2097"}],"version-history":[{"count":0,"href":"https:\/\/raicesjerezanas.com\/index.php?rest_route=\/wp\/v2\/posts\/2097\/revisions"}],"wp:featuredmedia":[{"embeddable":true,"href":"https:\/\/raicesjerezanas.com\/index.php?rest_route=\/wp\/v2\/media\/2098"}],"wp:attachment":[{"href":"https:\/\/raicesjerezanas.com\/index.php?rest_route=%2Fwp%2Fv2%2Fmedia&parent=2097"}],"wp:term":[{"taxonomy":"category","embeddable":true,"href":"https:\/\/raicesjerezanas.com\/index.php?rest_route=%2Fwp%2Fv2%2Fcategories&post=2097"},{"taxonomy":"post_tag","embeddable":true,"href":"https:\/\/raicesjerezanas.com\/index.php?rest_route=%2Fwp%2Fv2%2Ftags&post=2097"}],"curies":[{"name":"wp","href":"https:\/\/api.w.org\/{rel}","templated":true}]}}