{"id":2104,"date":"2019-09-03T20:14:13","date_gmt":"2019-09-04T01:14:13","guid":{"rendered":"https:\/\/raicesjerezanas.com\/?p=2104"},"modified":"2019-09-05T13:03:22","modified_gmt":"2019-09-05T18:03:22","slug":"festejan-dia-del-ganadero-en-jerez","status":"publish","type":"post","link":"https:\/\/raicesjerezanas.com\/?p=2104","title":{"rendered":"FESTEJAN D\u00cdA DEL GANADERO EN JEREZ"},"content":{"rendered":"<p>Al encabezar el festejo del D\u00eda del Agricultor, Antonio Aceves S\u00e1nchez reiter\u00f3 su compromiso con el \u00f3ptimo desarrollo del campo jerezano y el fortalecimiento econ\u00f3mico de los productores locales.<\/p>\n<p>El alcalde emprendi\u00f3 un recorrido por los cultivos de parcelas demostrativas de ma\u00edz forrajero, donde se dijo motivado por los significativos avances que son comprobables en el crecimiento de las milpas.<\/p>\n<p>\u00abHoy es un d\u00eda de aprender que haciendo las cosas bien se pueden sacar buenas cosechas\u00bb, y destac\u00f3 que quien tenga inter\u00e9s y dedicaci\u00f3n puede alcanzar \u00f3ptimos resultados personales y para la comunidad.<\/p>\n<p>De igual manera resalt\u00f3 la armon\u00eda que existe entre su administraci\u00f3n y los gobiernos Estatal y Federal para generar beneficios al campo jerezano.<\/p>\n<p>El Subdelegado de Programas para el Desarrollo del Gobierno Federal, Jos\u00e9 Luis Gonz\u00e1lez Orozco, reconoci\u00f3 el esfuerzo que hace Aceves S\u00e1nchez en favor del sector y reiter\u00f3 su disponibilidad de trabajar en conjunto.<\/p>\n<p>Ram\u00f3n Luj\u00e1n, jefe del Departamento de Desarrollo Agropecuario, manifest\u00f3 que continuar\u00e1n con la apuesta por el sector agr\u00edcola de Jerez para posicionar al municipio como potencia productiva en Zacatecas.<\/p>\n<p>Las autoridades presentes recorrieron los sembrad\u00edos y participaron en conferencias magistrales orientadas a que los productores adopten nuevas tecnolog\u00edas y herramientas. Estuvieron impartidas por las Casas Comerciales Yara, Pionner, Agricenter, Asgrow, Unicem, Aspros y Cedro.<\/p>\n<p>Tambi\u00e9n estuvieron presentes Silvia D\u00edaz, alcaldesa de Susticac\u00e1n; David Garc\u00eda, Subsecretario de Ganader\u00eda de SECAMPO, el Director de Desarrollo Econ\u00f3mico y Social Octavio de la Torre; estudiantes de Agronom\u00eda de la BUAZ y productores locales.<\/p>\n","protected":false},"excerpt":{"rendered":"<div class=\"mh-excerpt\"><p>Al encabezar el festejo del D\u00eda del Agricultor, Antonio Aceves S\u00e1nchez reiter\u00f3 su compromiso con el \u00f3ptimo desarrollo del campo jerezano y el fortalecimiento econ\u00f3mico <a class=\"mh-excerpt-more\" href=\"https:\/\/raicesjerezanas.com\/?p=2104\" title=\"FESTEJAN D\u00cdA DEL GANADERO EN JEREZ\">&#8230;<\/a><\/p>\n<\/div>","protected":false},"author":1,"featured_media":2105,"comment_status":"closed","ping_status":"closed","sticky":false,"template":"","format":"standard","meta":{"footnotes":""},"categories":[],"tags":[],"class_list":["post-2104","post","type-post","status-publish","format-standard","has-post-thumbnail","hentry"],"_links":{"self":[{"href":"https:\/\/raicesjerezanas.com\/index.php?rest_route=\/wp\/v2\/posts\/2104","targetHints":{"allow":["GET"]}}],"collection":[{"href":"https:\/\/raicesjerezanas.com\/index.php?rest_route=\/wp\/v2\/posts"}],"about":[{"href":"https:\/\/raicesjerezanas.com\/index.php?rest_route=\/wp\/v2\/types\/post"}],"author":[{"embeddable":true,"href":"https:\/\/raicesjerezanas.com\/index.php?rest_route=\/wp\/v2\/users\/1"}],"replies":[{"embeddable":true,"href":"https:\/\/raicesjerezanas.com\/index.php?rest_route=%2Fwp%2Fv2%2Fcomments&post=2104"}],"version-history":[{"count":0,"href":"https:\/\/raicesjerezanas.com\/index.php?rest_route=\/wp\/v2\/posts\/2104\/revisions"}],"wp:featuredmedia":[{"embeddable":true,"href":"https:\/\/raicesjerezanas.com\/index.php?rest_route=\/wp\/v2\/media\/2105"}],"wp:attachment":[{"href":"https:\/\/raicesjerezanas.com\/index.php?rest_route=%2Fwp%2Fv2%2Fmedia&parent=2104"}],"wp:term":[{"taxonomy":"category","embeddable":true,"href":"https:\/\/raicesjerezanas.com\/index.php?rest_route=%2Fwp%2Fv2%2Fcategories&post=2104"},{"taxonomy":"post_tag","embeddable":true,"href":"https:\/\/raicesjerezanas.com\/index.php?rest_route=%2Fwp%2Fv2%2Ftags&post=2104"}],"curies":[{"name":"wp","href":"https:\/\/api.w.org\/{rel}","templated":true}]}}