{"id":2107,"date":"2019-09-05T13:11:52","date_gmt":"2019-09-05T18:11:52","guid":{"rendered":"https:\/\/raicesjerezanas.com\/?p=2107"},"modified":"2019-09-05T13:11:52","modified_gmt":"2019-09-05T18:11:52","slug":"dif-jerez-entrega-pelucas-a-ninas-y-mujeres-con-cancer","status":"publish","type":"post","link":"https:\/\/raicesjerezanas.com\/?p=2107","title":{"rendered":"DIF JEREZ ENTREGA PELUCAS A NI\u00d1AS Y MUJERES CON C\u00c1NCER"},"content":{"rendered":"<p>En un hecho hist\u00f3rico, el Gobierno de Antonio Aceves S\u00e1nchez entreg\u00f3 18 pelucas oncol\u00f3gicas para ni\u00f1as y mujeres con c\u00e1ncer.<\/p>\n<p>Luego de una ardua campa\u00f1a de donaci\u00f3n de cabello denominada Regalando amor y sonrisas, el DIF Municipal que preside Nayeli \u00c1lvarez Haro, hizo posible que personas jerezanas y de la regi\u00f3n recibieran uno de los ejemplares confeccionados con paciencia y dedicaci\u00f3n por la Asociaci\u00f3n Civil AELIS.<\/p>\n<p>Ante donadores e integrantes de la Asociaci\u00f3n Mujeronas, Aceves S\u00e1nchez destac\u00f3 esta como una gran acci\u00f3n derivada del trabajo en equipo entre ciudadanos y autoridades para llevar felicidad a quienes luchan contra el c\u00e1ncer.<\/p>\n<p>Por tal felicit\u00f3 el esfuerzo incansable y la excelente respuesta de la poblaci\u00f3n a esta noble causa que sin duda contribuy\u00f3 a elevar la autoestima de las beneficiarias, hecho que dijo, es la mejor de las retribuciones.<\/p>\n<p>\u00c1lvarez Haro destac\u00f3 que aunque una peluca pueda parecer un accesorio sencillo, impacta de manera favorable en las beneficiarias a quienes invit\u00f3 a no dejar de pelear por su vida de la mano de sus seres queridos.<\/p>\n<p>El \u00e9xito fue tal que se sumaron personas de otros municipios. De enero a la fecha se recibieron 90 coletas y se destinaron de tres a cuatro para cada cabellera elaborada a mano.<\/p>\n<p>Las donadoras Valeria y \u00c1ngeles Merci se dijeron orgullosas de poder ayudar a otras ni\u00f1as y mujeres, mientras que a nombre de las beneficiarias, Virginia Magallanes extern\u00f3 su profundo agradecimiento por tan preciado regalo.<\/p>\n<p>Fueron testigos el responsable estatal de C\u00e1ncer en la Infancia y Adolescencia Jaime Gabriel Serna Navarrete; la Directora del DIF Municipal Susana de la Torre Arg\u00fcelles; la encargada de la Jefatura de Salud Aracely Salas; Mar\u00eda Elena G\u00f3mez, Vicepresidenta de AMANC; la Directora de la Fundaci\u00f3n Doctor Sonrisas Karina Mac\u00edas de Haro, as\u00ed como regidores del Ayuntamiento.<\/p>\n","protected":false},"excerpt":{"rendered":"<div class=\"mh-excerpt\"><p>En un hecho hist\u00f3rico, el Gobierno de Antonio Aceves S\u00e1nchez entreg\u00f3 18 pelucas oncol\u00f3gicas para ni\u00f1as y mujeres con c\u00e1ncer. Luego de una ardua campa\u00f1a <a class=\"mh-excerpt-more\" href=\"https:\/\/raicesjerezanas.com\/?p=2107\" title=\"DIF JEREZ ENTREGA PELUCAS A NI\u00d1AS Y MUJERES CON C\u00c1NCER\">&#8230;<\/a><\/p>\n<\/div>","protected":false},"author":1,"featured_media":2108,"comment_status":"closed","ping_status":"closed","sticky":false,"template":"","format":"standard","meta":{"footnotes":""},"categories":[],"tags":[],"class_list":["post-2107","post","type-post","status-publish","format-standard","has-post-thumbnail","hentry"],"_links":{"self":[{"href":"https:\/\/raicesjerezanas.com\/index.php?rest_route=\/wp\/v2\/posts\/2107","targetHints":{"allow":["GET"]}}],"collection":[{"href":"https:\/\/raicesjerezanas.com\/index.php?rest_route=\/wp\/v2\/posts"}],"about":[{"href":"https:\/\/raicesjerezanas.com\/index.php?rest_route=\/wp\/v2\/types\/post"}],"author":[{"embeddable":true,"href":"https:\/\/raicesjerezanas.com\/index.php?rest_route=\/wp\/v2\/users\/1"}],"replies":[{"embeddable":true,"href":"https:\/\/raicesjerezanas.com\/index.php?rest_route=%2Fwp%2Fv2%2Fcomments&post=2107"}],"version-history":[{"count":0,"href":"https:\/\/raicesjerezanas.com\/index.php?rest_route=\/wp\/v2\/posts\/2107\/revisions"}],"wp:featuredmedia":[{"embeddable":true,"href":"https:\/\/raicesjerezanas.com\/index.php?rest_route=\/wp\/v2\/media\/2108"}],"wp:attachment":[{"href":"https:\/\/raicesjerezanas.com\/index.php?rest_route=%2Fwp%2Fv2%2Fmedia&parent=2107"}],"wp:term":[{"taxonomy":"category","embeddable":true,"href":"https:\/\/raicesjerezanas.com\/index.php?rest_route=%2Fwp%2Fv2%2Fcategories&post=2107"},{"taxonomy":"post_tag","embeddable":true,"href":"https:\/\/raicesjerezanas.com\/index.php?rest_route=%2Fwp%2Fv2%2Ftags&post=2107"}],"curies":[{"name":"wp","href":"https:\/\/api.w.org\/{rel}","templated":true}]}}