{"id":2110,"date":"2019-09-04T16:09:31","date_gmt":"2019-09-04T21:09:31","guid":{"rendered":"https:\/\/raicesjerezanas.com\/?p=2110"},"modified":"2019-09-06T16:13:17","modified_gmt":"2019-09-06T21:13:17","slug":"reconocen-vida-y-obra-de-j-ventura-garcia-lozano","status":"publish","type":"post","link":"https:\/\/raicesjerezanas.com\/?p=2110","title":{"rendered":"RECONOCEN VIDA Y OBRA DE J. VENTURA GARC\u00cdA LOZANO"},"content":{"rendered":"<p>El orfebre creador de la arracada jerezana J. Ventura Garc\u00eda Lozano, fue homenajeado en su 63 aniversario luctuoso por el Presidente Antonio Aceves S\u00e1nchez y el Instituto Jerezano de Cultura (IJC) con un emotivo programa art\u00edstico en el museo Comunitario.<\/p>\n<p>El alcalde manifest\u00f3 que existen personas que no se van jam\u00e1s y permanecen en el recuerdo de una familia, un pueblo y una naci\u00f3n porque su trabajo lo hicieron con devoci\u00f3n, pasi\u00f3n, respeto, alegr\u00eda, trascendencia y paciencia, en referencia al jerezano.<\/p>\n<p>Expres\u00f3 su reconocimiento a la creatividad de J. Ventura Garc\u00eda que le dio identidad al Pueblo M\u00e1gico al confeccionar la arracada jerezana, misma que es sello del municipio ante el mundo adem\u00e1s de una fuente de empleo para las familias que la tomaron como forma de vida.<\/p>\n<p>El Director del IJC, Miguel \u00c1ngel Salcedo Quezada, mencion\u00f3 que el mejor conocido como hijo predilecto de Jerez figura dentro del grupo de personajes que dan renombre y reflector a la demarcaci\u00f3n, y que en su caso inmortaliz\u00f3 el arte de la orfebrer\u00eda con un distintivo tan importante que adorna a la mujer no solo nativa sino tambi\u00e9n a la visitante.<\/p>\n<p>La Banda Municipal de M\u00fasica Candelario Hu\u00edzar, los Ni\u00f1os Cantores de Jerez, el declamador Baudelio Carrillo y la poeta Isabel Miranda de Robles representada por la voz de la nieta de J. Ventura, Mar\u00eda de la Cruz Ch\u00e1vez Garc\u00eda, fueron los talentos art\u00edsticos que formaron parte del festejo en el que se realiz\u00f3 una ofrenda floral, brindis y un Concierto Po\u00e9tico Musical.<\/p>\n","protected":false},"excerpt":{"rendered":"<div class=\"mh-excerpt\"><p>El orfebre creador de la arracada jerezana J. Ventura Garc\u00eda Lozano, fue homenajeado en su 63 aniversario luctuoso por el Presidente Antonio Aceves S\u00e1nchez y <a class=\"mh-excerpt-more\" href=\"https:\/\/raicesjerezanas.com\/?p=2110\" title=\"RECONOCEN VIDA Y OBRA DE J. VENTURA GARC\u00cdA LOZANO\">&#8230;<\/a><\/p>\n<\/div>","protected":false},"author":1,"featured_media":2111,"comment_status":"closed","ping_status":"closed","sticky":false,"template":"","format":"standard","meta":{"footnotes":""},"categories":[],"tags":[],"class_list":["post-2110","post","type-post","status-publish","format-standard","has-post-thumbnail","hentry"],"_links":{"self":[{"href":"https:\/\/raicesjerezanas.com\/index.php?rest_route=\/wp\/v2\/posts\/2110","targetHints":{"allow":["GET"]}}],"collection":[{"href":"https:\/\/raicesjerezanas.com\/index.php?rest_route=\/wp\/v2\/posts"}],"about":[{"href":"https:\/\/raicesjerezanas.com\/index.php?rest_route=\/wp\/v2\/types\/post"}],"author":[{"embeddable":true,"href":"https:\/\/raicesjerezanas.com\/index.php?rest_route=\/wp\/v2\/users\/1"}],"replies":[{"embeddable":true,"href":"https:\/\/raicesjerezanas.com\/index.php?rest_route=%2Fwp%2Fv2%2Fcomments&post=2110"}],"version-history":[{"count":0,"href":"https:\/\/raicesjerezanas.com\/index.php?rest_route=\/wp\/v2\/posts\/2110\/revisions"}],"wp:featuredmedia":[{"embeddable":true,"href":"https:\/\/raicesjerezanas.com\/index.php?rest_route=\/wp\/v2\/media\/2111"}],"wp:attachment":[{"href":"https:\/\/raicesjerezanas.com\/index.php?rest_route=%2Fwp%2Fv2%2Fmedia&parent=2110"}],"wp:term":[{"taxonomy":"category","embeddable":true,"href":"https:\/\/raicesjerezanas.com\/index.php?rest_route=%2Fwp%2Fv2%2Fcategories&post=2110"},{"taxonomy":"post_tag","embeddable":true,"href":"https:\/\/raicesjerezanas.com\/index.php?rest_route=%2Fwp%2Fv2%2Ftags&post=2110"}],"curies":[{"name":"wp","href":"https:\/\/api.w.org\/{rel}","templated":true}]}}