{"id":2112,"date":"2019-09-05T16:14:11","date_gmt":"2019-09-05T21:14:11","guid":{"rendered":"https:\/\/raicesjerezanas.com\/?p=2112"},"modified":"2019-09-06T16:16:55","modified_gmt":"2019-09-06T21:16:55","slug":"lanzan-en-jerez-modelo-de-inclusion-unico-en-el-pais","status":"publish","type":"post","link":"https:\/\/raicesjerezanas.com\/?p=2112","title":{"rendered":"LANZAN EN JEREZ MODELO DE INCLUSI\u00d3N \u00daNICO EN EL PA\u00cdS"},"content":{"rendered":"<p>Jerez se convirti\u00f3 en el primer municipio a nivel nacional en aceptar y aplicar un nuevo modelo de inclusi\u00f3n promovido por la Fundaci\u00f3n Matters Shane\u2019s Inspiration.<\/p>\n<p>Antonio Aceves S\u00e1nchez, Presidente Municipal, y Marnie Norris, l\u00edder de la fundaci\u00f3n, signaron el convenio que contempla una inversi\u00f3n de 5 mil d\u00f3lares destinados a la capacitaci\u00f3n en escuelas jerezanas.<\/p>\n<p>Tras trabajar con diversas organizaciones a nivel mundial y luego de seis a\u00f1os de intentar llegar a M\u00e9xico, dicha fundaci\u00f3n hall\u00f3 respaldo en Jerez. En este sentido Aceves S\u00e1nchez se dijo dispuesto a apoyar todo lo relacionado con el tema de la inclusi\u00f3n de las personas con discapacidad.<\/p>\n<p>En compa\u00f1\u00eda de la Presidenta Honor\u00edfica del DIF Municipal Nayeli \u00c1lvarez Haro, indic\u00f3 que el objetivo es brindar capacitaci\u00f3n constante durante un a\u00f1o para que alumnos de quinto y sexto de primaria aprendan a incluir a ni\u00f1os con discapacidad a trav\u00e9s de material l\u00fadico y acompa\u00f1amiento a los docentes.<\/p>\n<p>El programa empezar\u00e1 en las escuelas Francisco Garc\u00eda Salinas, Genaro Borrego Estrada y Francisco Goitia con talleres de jueves a s\u00e1bado; la donaci\u00f3n de 100 mil pesos que ya est\u00e1 en las arcas municipales.<\/p>\n<p>Posteriormente se le dar\u00e1 continuidad para evitar que peque\u00f1os con alguna discapacidad deserten de los planteles por incomprensi\u00f3n e indiferencia por parte de sus compa\u00f1eros o su entorno escolar.<\/p>\n<p>Marnie Norris extern\u00f3 su alegr\u00eda por trabajar con un municipio que ya tiene avances significativos en materia de inclusi\u00f3n, lo que permitir\u00e1 un mejor resultado al ser un complemento de las acciones ya establecidas.<\/p>\n<p>Mar\u00eda del Refugio S\u00e1nchez Ba\u00f1uelos, Directora del Centro de Rehabilitaci\u00f3n Infantil y Juvenil de Jerez (CRIJJ), expres\u00f3 que autoridades, estudiantes y maestros est\u00e1n emocionados por este nuevo proyecto y asegur\u00f3 que con el inter\u00e9s del Gobierno Municipal se multiplicar\u00e1n los beneficios para disminuir la deserci\u00f3n escolar y evitar pr\u00e1cticas de bullying.<\/p>\n<p>Aceves S\u00e1nchez felicit\u00f3 su gesti\u00f3n al igual que la de Santiago Rosales, l\u00edder de Clubes Migrantes, por promover al municipio para la llegada del programa.<br \/>\nEn la firma tambi\u00e9n estuvo presente Susana de la Torre Arg\u00fcelles, Directora del DIF Municipal.<\/p>\n","protected":false},"excerpt":{"rendered":"<div class=\"mh-excerpt\"><p>Jerez se convirti\u00f3 en el primer municipio a nivel nacional en aceptar y aplicar un nuevo modelo de inclusi\u00f3n promovido por la Fundaci\u00f3n Matters Shane\u2019s <a class=\"mh-excerpt-more\" href=\"https:\/\/raicesjerezanas.com\/?p=2112\" title=\"LANZAN EN JEREZ MODELO DE INCLUSI\u00d3N \u00daNICO EN EL PA\u00cdS\">&#8230;<\/a><\/p>\n<\/div>","protected":false},"author":1,"featured_media":2113,"comment_status":"closed","ping_status":"closed","sticky":false,"template":"","format":"standard","meta":{"footnotes":""},"categories":[],"tags":[],"class_list":["post-2112","post","type-post","status-publish","format-standard","has-post-thumbnail","hentry"],"_links":{"self":[{"href":"https:\/\/raicesjerezanas.com\/index.php?rest_route=\/wp\/v2\/posts\/2112","targetHints":{"allow":["GET"]}}],"collection":[{"href":"https:\/\/raicesjerezanas.com\/index.php?rest_route=\/wp\/v2\/posts"}],"about":[{"href":"https:\/\/raicesjerezanas.com\/index.php?rest_route=\/wp\/v2\/types\/post"}],"author":[{"embeddable":true,"href":"https:\/\/raicesjerezanas.com\/index.php?rest_route=\/wp\/v2\/users\/1"}],"replies":[{"embeddable":true,"href":"https:\/\/raicesjerezanas.com\/index.php?rest_route=%2Fwp%2Fv2%2Fcomments&post=2112"}],"version-history":[{"count":0,"href":"https:\/\/raicesjerezanas.com\/index.php?rest_route=\/wp\/v2\/posts\/2112\/revisions"}],"wp:featuredmedia":[{"embeddable":true,"href":"https:\/\/raicesjerezanas.com\/index.php?rest_route=\/wp\/v2\/media\/2113"}],"wp:attachment":[{"href":"https:\/\/raicesjerezanas.com\/index.php?rest_route=%2Fwp%2Fv2%2Fmedia&parent=2112"}],"wp:term":[{"taxonomy":"category","embeddable":true,"href":"https:\/\/raicesjerezanas.com\/index.php?rest_route=%2Fwp%2Fv2%2Fcategories&post=2112"},{"taxonomy":"post_tag","embeddable":true,"href":"https:\/\/raicesjerezanas.com\/index.php?rest_route=%2Fwp%2Fv2%2Ftags&post=2112"}],"curies":[{"name":"wp","href":"https:\/\/api.w.org\/{rel}","templated":true}]}}