{"id":2120,"date":"2019-09-09T13:47:10","date_gmt":"2019-09-09T18:47:10","guid":{"rendered":"https:\/\/raicesjerezanas.com\/?p=2120"},"modified":"2019-09-09T13:47:10","modified_gmt":"2019-09-09T18:47:10","slug":"romantico-domingo-familiar-con-la-rondalla-voz-de-angel-y-su-segundo-aniversario","status":"publish","type":"post","link":"https:\/\/raicesjerezanas.com\/?p=2120","title":{"rendered":"ROM\u00c1NTICO DOMINGO FAMILIAR CON LA RONDALLA VOZ DE \u00c1NGEL Y SU SEGUNDO ANIVERSARIO"},"content":{"rendered":"<p>Una gran velada rom\u00e1ntica se vivi\u00f3 en el Domingo Familiar por la celebraci\u00f3n del segundo aniversario de la Rondalla Femenil Voz de \u00c1ngel, logrando reunir una vez m\u00e1s a decenas de familias en torno a la m\u00fasica.<\/p>\n<p>Siendo ya un referente de uni\u00f3n familiar en torno a la m\u00fasica, el arte y la cultura, el Teatro Hinojosa se llen\u00f3 de los seguidores del instrumentalismo de cuerda y de una de las rondallas m\u00e1s reconocidas del municipio.<\/p>\n<p>Ante este hecho el director del Instituto Jerezano de Cultura (IJC) Miguel \u00c1ngel salcedo Quezada, felicit\u00f3 a las 14 integrantes de la joven agrupaci\u00f3n bajo el mando de Isolina de Lara Duarte, de quienes dijo ha trabajado arduamente para colocarse entre las favoritas en tan poco tiempo.<\/p>\n<p>Haciendo honor a su nombre, la rondalla gener\u00f3 un ambiente lleno de romanticismo y ritmos enternecedores que cautivaron al p\u00fablico presente, gracias a la versatilidad en las tesituras vocales de sus conformantes.<\/p>\n<p>Con tono angelical interpretaron canciones del ayer y del momento como Love is in the air, Adi\u00f3s amor, Me vas a extra\u00f1ar, El color de tus ojos, Me muero, Stand by me, Si no te hubieras, M\u00e1s que tu amigo, adem\u00e1s de un Popurr\u00ed de Cumbia y otro Norte\u00f1o.<\/p>\n<p>A este evento se sum\u00f3 la Rondalla Nostalgia Jerezana al mismo tiempo que la Rondalla Recuerdo Bohemio proveniente de Aguascalientes e integrada por hombres y mujeres, ambas ofreciendo un magn\u00edfico espect\u00e1culo que se gan\u00f3 los constantes aplausos de la audiencia.<\/p>\n","protected":false},"excerpt":{"rendered":"<div class=\"mh-excerpt\"><p>Una gran velada rom\u00e1ntica se vivi\u00f3 en el Domingo Familiar por la celebraci\u00f3n del segundo aniversario de la Rondalla Femenil Voz de \u00c1ngel, logrando reunir <a class=\"mh-excerpt-more\" href=\"https:\/\/raicesjerezanas.com\/?p=2120\" title=\"ROM\u00c1NTICO DOMINGO FAMILIAR CON LA RONDALLA VOZ DE \u00c1NGEL Y SU SEGUNDO ANIVERSARIO\">&#8230;<\/a><\/p>\n<\/div>","protected":false},"author":1,"featured_media":2121,"comment_status":"closed","ping_status":"closed","sticky":false,"template":"","format":"standard","meta":{"footnotes":""},"categories":[],"tags":[],"class_list":["post-2120","post","type-post","status-publish","format-standard","has-post-thumbnail","hentry"],"_links":{"self":[{"href":"https:\/\/raicesjerezanas.com\/index.php?rest_route=\/wp\/v2\/posts\/2120","targetHints":{"allow":["GET"]}}],"collection":[{"href":"https:\/\/raicesjerezanas.com\/index.php?rest_route=\/wp\/v2\/posts"}],"about":[{"href":"https:\/\/raicesjerezanas.com\/index.php?rest_route=\/wp\/v2\/types\/post"}],"author":[{"embeddable":true,"href":"https:\/\/raicesjerezanas.com\/index.php?rest_route=\/wp\/v2\/users\/1"}],"replies":[{"embeddable":true,"href":"https:\/\/raicesjerezanas.com\/index.php?rest_route=%2Fwp%2Fv2%2Fcomments&post=2120"}],"version-history":[{"count":0,"href":"https:\/\/raicesjerezanas.com\/index.php?rest_route=\/wp\/v2\/posts\/2120\/revisions"}],"wp:featuredmedia":[{"embeddable":true,"href":"https:\/\/raicesjerezanas.com\/index.php?rest_route=\/wp\/v2\/media\/2121"}],"wp:attachment":[{"href":"https:\/\/raicesjerezanas.com\/index.php?rest_route=%2Fwp%2Fv2%2Fmedia&parent=2120"}],"wp:term":[{"taxonomy":"category","embeddable":true,"href":"https:\/\/raicesjerezanas.com\/index.php?rest_route=%2Fwp%2Fv2%2Fcategories&post=2120"},{"taxonomy":"post_tag","embeddable":true,"href":"https:\/\/raicesjerezanas.com\/index.php?rest_route=%2Fwp%2Fv2%2Ftags&post=2120"}],"curies":[{"name":"wp","href":"https:\/\/api.w.org\/{rel}","templated":true}]}}