{"id":2122,"date":"2019-09-09T13:54:41","date_gmt":"2019-09-09T18:54:41","guid":{"rendered":"https:\/\/raicesjerezanas.com\/?p=2122"},"modified":"2019-09-09T13:54:41","modified_gmt":"2019-09-09T18:54:41","slug":"continua-operativo-vial-y-cierre-de-calles-por-novenario-de-la-virgen-de-la-soledad","status":"publish","type":"post","link":"https:\/\/raicesjerezanas.com\/?p=2122","title":{"rendered":"CONTIN\u00daA OPERATIVO VIAL Y CIERRE DE CALLES POR NOVENARIO DE LA VIRGEN DE LA SOLEDAD"},"content":{"rendered":"<p>Para lograr una circulaci\u00f3n arm\u00f3nica de autos y transe\u00fantes, desde el 6 hasta el 15 de septiembre implementar\u00e1n en el centro de Jerez un operativo vial con cierre de algunas calles y vigilancia, debido a los festejos del Novenario de la Virgen de la Soledad que contempla m\u00e1s de 20 actividades.<\/p>\n<p>Con hasta dos peregrinaciones interparroquiales por d\u00eda, veneraciones comunitarias, ofrendas y verbenas por esta celebraci\u00f3n, se hace indispensable llevar un orden en el centro y periferia de la ciudad para lo cual piden la comprensi\u00f3n de la ciudadan\u00eda, declar\u00f3 el Delegado de Seguridad Vial Dagoberto Monroy Carrillo.<\/p>\n<p>Para mantener vigilado el recorrido y el \u00e1rea dispondr\u00e1n de 11 agentes viales y cuatro patrullas, por donde transitan las peregrinaciones que generalmente se efect\u00faan al mediod\u00eda y a las 7:30 pm.<\/p>\n<p>En el cierre nocturno en calles aleda\u00f1as al Santuario inicia a las 7:45 y culmina a las 11:30 de la noche, lo que incluye las calles Del Santuario, Del Reloj, Hidalgo y De las Flores por lo que se invita a la poblaci\u00f3n tomar precauciones.<\/p>\n<p>Con respecto a la ofrenda pirot\u00e9cnica de este lunes 9 de septiembre en la explanada de la Feria, solicit\u00f3 que quienes acudan o circulen cerca est\u00e9n atentos a las aglomeraciones y conduzcan despacio; habr\u00e1 tres entradas disponibles en la calle Galeana, el puente de la calle del R\u00edo Grande y frente al Monumento del Migrante.<\/p>\n","protected":false},"excerpt":{"rendered":"<div class=\"mh-excerpt\"><p>Para lograr una circulaci\u00f3n arm\u00f3nica de autos y transe\u00fantes, desde el 6 hasta el 15 de septiembre implementar\u00e1n en el centro de Jerez un operativo <a class=\"mh-excerpt-more\" href=\"https:\/\/raicesjerezanas.com\/?p=2122\" title=\"CONTIN\u00daA OPERATIVO VIAL Y CIERRE DE CALLES POR NOVENARIO DE LA VIRGEN DE LA SOLEDAD\">&#8230;<\/a><\/p>\n<\/div>","protected":false},"author":1,"featured_media":2123,"comment_status":"closed","ping_status":"closed","sticky":false,"template":"","format":"standard","meta":{"footnotes":""},"categories":[],"tags":[],"class_list":["post-2122","post","type-post","status-publish","format-standard","has-post-thumbnail","hentry"],"_links":{"self":[{"href":"https:\/\/raicesjerezanas.com\/index.php?rest_route=\/wp\/v2\/posts\/2122","targetHints":{"allow":["GET"]}}],"collection":[{"href":"https:\/\/raicesjerezanas.com\/index.php?rest_route=\/wp\/v2\/posts"}],"about":[{"href":"https:\/\/raicesjerezanas.com\/index.php?rest_route=\/wp\/v2\/types\/post"}],"author":[{"embeddable":true,"href":"https:\/\/raicesjerezanas.com\/index.php?rest_route=\/wp\/v2\/users\/1"}],"replies":[{"embeddable":true,"href":"https:\/\/raicesjerezanas.com\/index.php?rest_route=%2Fwp%2Fv2%2Fcomments&post=2122"}],"version-history":[{"count":0,"href":"https:\/\/raicesjerezanas.com\/index.php?rest_route=\/wp\/v2\/posts\/2122\/revisions"}],"wp:featuredmedia":[{"embeddable":true,"href":"https:\/\/raicesjerezanas.com\/index.php?rest_route=\/wp\/v2\/media\/2123"}],"wp:attachment":[{"href":"https:\/\/raicesjerezanas.com\/index.php?rest_route=%2Fwp%2Fv2%2Fmedia&parent=2122"}],"wp:term":[{"taxonomy":"category","embeddable":true,"href":"https:\/\/raicesjerezanas.com\/index.php?rest_route=%2Fwp%2Fv2%2Fcategories&post=2122"},{"taxonomy":"post_tag","embeddable":true,"href":"https:\/\/raicesjerezanas.com\/index.php?rest_route=%2Fwp%2Fv2%2Ftags&post=2122"}],"curies":[{"name":"wp","href":"https:\/\/api.w.org\/{rel}","templated":true}]}}