{"id":2125,"date":"2019-09-10T11:09:55","date_gmt":"2019-09-10T16:09:55","guid":{"rendered":"https:\/\/raicesjerezanas.com\/?p=2125"},"modified":"2019-09-10T11:09:55","modified_gmt":"2019-09-10T16:09:55","slug":"ayuntamiento-trabaja-con-asociacion-civil-para-reforestar-jerez","status":"publish","type":"post","link":"https:\/\/raicesjerezanas.com\/?p=2125","title":{"rendered":"AYUNTAMIENTO TRABAJA CON ASOCIACI\u00d3N CIVIL PARA REFORESTAR JEREZ"},"content":{"rendered":"<p>El Ayuntamiento que encabeza Antonio Aceves S\u00e1nchez, trabajar\u00e1 de manera coordinada con la Asociaci\u00f3n Civil Sembrando Conciencia a favor de la reforestaci\u00f3n del municipio.<\/p>\n<p>Fernando Robes, Daniel Santoyo y Ruth Reveles, integrantes del grupo, presentaron la estrategia al Director de Obras y Servicios P\u00fablicos, Jos\u00e9 \u00c1ngel Flores Guti\u00e9rrez, quien asegur\u00f3 que se les brindar\u00e1 todo el apoyo en la medida posible para llevar a cabo la plantaci\u00f3n de \u00e1rboles.<\/p>\n<p>Una vez analizada la propuesta por el \u00c1rea de Medio Ambiente, se elabor\u00f3 un nuevo dise\u00f1o de plantaci\u00f3n de \u00e1rboles que se implementar\u00e1 en toda la zona urbana de Jerez con el fin de evitar problem\u00e1ticas en vialidades, banquetas y viviendas a consecuencia de las ra\u00edces de los \u00e1rboles que pudieran levantar el concreto.<\/p>\n<p>El municipio aportar\u00e1 al proyecto 38 \u00e1rboles de tipo jacaranda con una medida de 2 a 2.5 metros de altura, asimismo la construcci\u00f3n de cajetes m\u00e1s grandes, con recubrimiento de las paredes con geomembrana y la colocaci\u00f3n de un sistema de riego profundo.<\/p>\n<p>Lo anterior pretende mantener la humedad baja y que las ra\u00edces de los \u00e1rboles sean redirigidas.<\/p>\n<p>Por su parte la Asociaci\u00f3n identific\u00f3 los distintos puntos donde se instalar\u00e1n los arboles sobre la calle Galeana, al mismo tiempo que elaborar\u00e1n una carta compromiso denominada Certificado de Adopci\u00f3n para que los vecinos contribuyan con el mantenimiento y cuidado de las especies.<\/p>\n<p>Los j\u00f3venes jerezanos reconocieron la disponibilidad de trabajo por parte de autoridades municipales, y manifestaron que en su primera etapa el proyecto contempla colocar \u00e1rboles en cada espacio disponible en la cabecera y despu\u00e9s extenderla a otros puntos del municipio.<\/p>\n","protected":false},"excerpt":{"rendered":"<div class=\"mh-excerpt\"><p>El Ayuntamiento que encabeza Antonio Aceves S\u00e1nchez, trabajar\u00e1 de manera coordinada con la Asociaci\u00f3n Civil Sembrando Conciencia a favor de la reforestaci\u00f3n del municipio. Fernando <a class=\"mh-excerpt-more\" href=\"https:\/\/raicesjerezanas.com\/?p=2125\" title=\"AYUNTAMIENTO TRABAJA CON ASOCIACI\u00d3N CIVIL PARA REFORESTAR JEREZ\">&#8230;<\/a><\/p>\n<\/div>","protected":false},"author":1,"featured_media":2126,"comment_status":"closed","ping_status":"closed","sticky":false,"template":"","format":"standard","meta":{"footnotes":""},"categories":[],"tags":[],"class_list":["post-2125","post","type-post","status-publish","format-standard","has-post-thumbnail","hentry"],"_links":{"self":[{"href":"https:\/\/raicesjerezanas.com\/index.php?rest_route=\/wp\/v2\/posts\/2125","targetHints":{"allow":["GET"]}}],"collection":[{"href":"https:\/\/raicesjerezanas.com\/index.php?rest_route=\/wp\/v2\/posts"}],"about":[{"href":"https:\/\/raicesjerezanas.com\/index.php?rest_route=\/wp\/v2\/types\/post"}],"author":[{"embeddable":true,"href":"https:\/\/raicesjerezanas.com\/index.php?rest_route=\/wp\/v2\/users\/1"}],"replies":[{"embeddable":true,"href":"https:\/\/raicesjerezanas.com\/index.php?rest_route=%2Fwp%2Fv2%2Fcomments&post=2125"}],"version-history":[{"count":0,"href":"https:\/\/raicesjerezanas.com\/index.php?rest_route=\/wp\/v2\/posts\/2125\/revisions"}],"wp:featuredmedia":[{"embeddable":true,"href":"https:\/\/raicesjerezanas.com\/index.php?rest_route=\/wp\/v2\/media\/2126"}],"wp:attachment":[{"href":"https:\/\/raicesjerezanas.com\/index.php?rest_route=%2Fwp%2Fv2%2Fmedia&parent=2125"}],"wp:term":[{"taxonomy":"category","embeddable":true,"href":"https:\/\/raicesjerezanas.com\/index.php?rest_route=%2Fwp%2Fv2%2Fcategories&post=2125"},{"taxonomy":"post_tag","embeddable":true,"href":"https:\/\/raicesjerezanas.com\/index.php?rest_route=%2Fwp%2Fv2%2Ftags&post=2125"}],"curies":[{"name":"wp","href":"https:\/\/api.w.org\/{rel}","templated":true}]}}