{"id":2127,"date":"2019-09-10T11:23:30","date_gmt":"2019-09-10T16:23:30","guid":{"rendered":"https:\/\/raicesjerezanas.com\/?p=2127"},"modified":"2019-09-10T11:23:30","modified_gmt":"2019-09-10T16:23:30","slug":"apoyan-a-abuelitos-con-vestuarios-de-baile","status":"publish","type":"post","link":"https:\/\/raicesjerezanas.com\/?p=2127","title":{"rendered":"APOYAN A ABUELITOS CON VESTUARIOS DE BAILE"},"content":{"rendered":"<p>La Presidenta Honor\u00edfica del DIF Municipal Nayeli \u00c1lvarez Haro, apoy\u00f3 al grupo de la tercera edad del Centro de Bienestar<\/p>\n<p>Social (CEBIS) con vestuarios de baile, esto como un incentivo para que sigan participando en concursos y eventos.<\/p>\n<p>En su representaci\u00f3n, la Directora Susana de la Torre Arg\u00fcelles entreg\u00f3 20 vestuarios, 10 de Mexicapan y 10 de Michoac\u00e1n.<\/p>\n<p>Aprovech\u00f3 para felicitar a los integrantes de este grupo quieres manifestaron su \u00e1nimo de continuar con esta actividad que los hace sentirse activos y animados.<\/p>\n<p>Finalmente agradecieron el apoyo que se les ha brindado hasta la fecha, y solicitaron continuar con el respaldo del Gobierno Municipal.<\/p>\n","protected":false},"excerpt":{"rendered":"<div class=\"mh-excerpt\"><p>La Presidenta Honor\u00edfica del DIF Municipal Nayeli \u00c1lvarez Haro, apoy\u00f3 al grupo de la tercera edad del Centro de Bienestar Social (CEBIS) con vestuarios de <a class=\"mh-excerpt-more\" href=\"https:\/\/raicesjerezanas.com\/?p=2127\" title=\"APOYAN A ABUELITOS CON VESTUARIOS DE BAILE\">&#8230;<\/a><\/p>\n<\/div>","protected":false},"author":1,"featured_media":2128,"comment_status":"closed","ping_status":"closed","sticky":false,"template":"","format":"standard","meta":{"footnotes":""},"categories":[],"tags":[],"class_list":["post-2127","post","type-post","status-publish","format-standard","has-post-thumbnail","hentry"],"_links":{"self":[{"href":"https:\/\/raicesjerezanas.com\/index.php?rest_route=\/wp\/v2\/posts\/2127","targetHints":{"allow":["GET"]}}],"collection":[{"href":"https:\/\/raicesjerezanas.com\/index.php?rest_route=\/wp\/v2\/posts"}],"about":[{"href":"https:\/\/raicesjerezanas.com\/index.php?rest_route=\/wp\/v2\/types\/post"}],"author":[{"embeddable":true,"href":"https:\/\/raicesjerezanas.com\/index.php?rest_route=\/wp\/v2\/users\/1"}],"replies":[{"embeddable":true,"href":"https:\/\/raicesjerezanas.com\/index.php?rest_route=%2Fwp%2Fv2%2Fcomments&post=2127"}],"version-history":[{"count":0,"href":"https:\/\/raicesjerezanas.com\/index.php?rest_route=\/wp\/v2\/posts\/2127\/revisions"}],"wp:featuredmedia":[{"embeddable":true,"href":"https:\/\/raicesjerezanas.com\/index.php?rest_route=\/wp\/v2\/media\/2128"}],"wp:attachment":[{"href":"https:\/\/raicesjerezanas.com\/index.php?rest_route=%2Fwp%2Fv2%2Fmedia&parent=2127"}],"wp:term":[{"taxonomy":"category","embeddable":true,"href":"https:\/\/raicesjerezanas.com\/index.php?rest_route=%2Fwp%2Fv2%2Fcategories&post=2127"},{"taxonomy":"post_tag","embeddable":true,"href":"https:\/\/raicesjerezanas.com\/index.php?rest_route=%2Fwp%2Fv2%2Ftags&post=2127"}],"curies":[{"name":"wp","href":"https:\/\/api.w.org\/{rel}","templated":true}]}}