{"id":2129,"date":"2019-09-11T10:54:37","date_gmt":"2019-09-11T15:54:37","guid":{"rendered":"https:\/\/raicesjerezanas.com\/?p=2129"},"modified":"2019-09-11T10:54:37","modified_gmt":"2019-09-11T15:54:37","slug":"exponen-vestidos-de-la-virgen-de-la-soledad","status":"publish","type":"post","link":"https:\/\/raicesjerezanas.com\/?p=2129","title":{"rendered":"EXPONEN VESTIDOS DE LA VIRGEN DE LA SOLEDAD"},"content":{"rendered":"<p>En el marco de los festejos del novenario de la Virgen de la Soledad, el Gobierno Municipal que encabeza Antonio Aceves, impulsa y da promoci\u00f3n al turismo religioso de Jerez.<\/p>\n<p>Alba Dena Pereyra se\u00f1al\u00f3 que a trav\u00e9s del Departamento de Turismo se desarrolla un programa de actividades en el marco de las fiestas que incluyen la exposici\u00f3n de los vestidos que ha portado la Virgen de la Soledad al paso de los a\u00f1os.<\/p>\n<p>Ocho valiosos vestidos lucen la labor artesanal plasmada en su elaboraci\u00f3n, algunos de ellos datan desde el siglo XIX, y otros presentan bordados con hilo de oro.<\/p>\n<p>Jerezanos y visitantes pueden acudir a la capilla de Mar\u00eda Auxiliadora del 7 al 15 de septiembre, en horario de 10 de la ma\u00f1ana a 2 de la tarde, para apreciar de manera gratuita las prendas confeccionadas para ofrendar y vestir a la patrona de los jerezanos.<\/p>\n","protected":false},"excerpt":{"rendered":"<div class=\"mh-excerpt\"><p>En el marco de los festejos del novenario de la Virgen de la Soledad, el Gobierno Municipal que encabeza Antonio Aceves, impulsa y da promoci\u00f3n <a class=\"mh-excerpt-more\" href=\"https:\/\/raicesjerezanas.com\/?p=2129\" title=\"EXPONEN VESTIDOS DE LA VIRGEN DE LA SOLEDAD\">&#8230;<\/a><\/p>\n<\/div>","protected":false},"author":1,"featured_media":2130,"comment_status":"closed","ping_status":"closed","sticky":false,"template":"","format":"standard","meta":{"footnotes":""},"categories":[],"tags":[],"class_list":["post-2129","post","type-post","status-publish","format-standard","has-post-thumbnail","hentry"],"_links":{"self":[{"href":"https:\/\/raicesjerezanas.com\/index.php?rest_route=\/wp\/v2\/posts\/2129","targetHints":{"allow":["GET"]}}],"collection":[{"href":"https:\/\/raicesjerezanas.com\/index.php?rest_route=\/wp\/v2\/posts"}],"about":[{"href":"https:\/\/raicesjerezanas.com\/index.php?rest_route=\/wp\/v2\/types\/post"}],"author":[{"embeddable":true,"href":"https:\/\/raicesjerezanas.com\/index.php?rest_route=\/wp\/v2\/users\/1"}],"replies":[{"embeddable":true,"href":"https:\/\/raicesjerezanas.com\/index.php?rest_route=%2Fwp%2Fv2%2Fcomments&post=2129"}],"version-history":[{"count":0,"href":"https:\/\/raicesjerezanas.com\/index.php?rest_route=\/wp\/v2\/posts\/2129\/revisions"}],"wp:featuredmedia":[{"embeddable":true,"href":"https:\/\/raicesjerezanas.com\/index.php?rest_route=\/wp\/v2\/media\/2130"}],"wp:attachment":[{"href":"https:\/\/raicesjerezanas.com\/index.php?rest_route=%2Fwp%2Fv2%2Fmedia&parent=2129"}],"wp:term":[{"taxonomy":"category","embeddable":true,"href":"https:\/\/raicesjerezanas.com\/index.php?rest_route=%2Fwp%2Fv2%2Fcategories&post=2129"},{"taxonomy":"post_tag","embeddable":true,"href":"https:\/\/raicesjerezanas.com\/index.php?rest_route=%2Fwp%2Fv2%2Ftags&post=2129"}],"curies":[{"name":"wp","href":"https:\/\/api.w.org\/{rel}","templated":true}]}}