{"id":2133,"date":"2019-09-11T11:13:28","date_gmt":"2019-09-11T16:13:28","guid":{"rendered":"https:\/\/raicesjerezanas.com\/?p=2133"},"modified":"2019-09-11T11:13:28","modified_gmt":"2019-09-11T16:13:28","slug":"caravana-cultural-escolar-reinicia-promocion-de-la-lectoescritura","status":"publish","type":"post","link":"https:\/\/raicesjerezanas.com\/?p=2133","title":{"rendered":"CARAVANA CULTURAL ESCOLAR REINICIA PROMOCI\u00d3N DE LA LECTOESCRITURA"},"content":{"rendered":"<p>En planteles de primaria de la cabecera y comunidades, la Caravana Cultural Escolar del Gobierno Municipal reinici\u00f3 sus actividades de promoci\u00f3n de la lectoescritura, con atenci\u00f3n hasta el momento de 230 alumnos.<\/p>\n<p>En el presente ciclo escolar se retom\u00f3 el programa a cargo del Instituto Jerezano de Cultura (IJC) y su Director Miguel \u00c1ngel Salcedo Quezada, acudiendo a tres escuelas donde sus alumnos de tercer y cuarto grado disfrutaron de diversas historias contenidas en libros.<\/p>\n<p>En las escuelas Beatriz Gonz\u00e1lez Ortega y Genaro Borrego, as\u00ed como la Francisco I. Madero de la comunidad San Juan del Centro, los cuenta cuentos del IJC hicieron gala de sus habilidades narrativas e histri\u00f3nicas para envolver a los estudiantes en las aventuras de distintos personajes literarios.<\/p>\n<p>Ficciones como El Sedacero, Gruar; cuento de un dinosaurio, El gato f\u00edgaro, La cueva del Tepoz\u00e1n, adem\u00e1s de Leyendas de Jerez y Susticac\u00e1n, integran el repertorio de los cuenta cuentos, que por la din\u00e1mica narrativa quedar\u00e1n grabadas en la memoria de los peque\u00f1os.<\/p>\n","protected":false},"excerpt":{"rendered":"<div class=\"mh-excerpt\"><p>En planteles de primaria de la cabecera y comunidades, la Caravana Cultural Escolar del Gobierno Municipal reinici\u00f3 sus actividades de promoci\u00f3n de la lectoescritura, con <a class=\"mh-excerpt-more\" href=\"https:\/\/raicesjerezanas.com\/?p=2133\" title=\"CARAVANA CULTURAL ESCOLAR REINICIA PROMOCI\u00d3N DE LA LECTOESCRITURA\">&#8230;<\/a><\/p>\n<\/div>","protected":false},"author":1,"featured_media":2134,"comment_status":"closed","ping_status":"closed","sticky":false,"template":"","format":"standard","meta":{"footnotes":""},"categories":[],"tags":[],"class_list":["post-2133","post","type-post","status-publish","format-standard","has-post-thumbnail","hentry"],"_links":{"self":[{"href":"https:\/\/raicesjerezanas.com\/index.php?rest_route=\/wp\/v2\/posts\/2133","targetHints":{"allow":["GET"]}}],"collection":[{"href":"https:\/\/raicesjerezanas.com\/index.php?rest_route=\/wp\/v2\/posts"}],"about":[{"href":"https:\/\/raicesjerezanas.com\/index.php?rest_route=\/wp\/v2\/types\/post"}],"author":[{"embeddable":true,"href":"https:\/\/raicesjerezanas.com\/index.php?rest_route=\/wp\/v2\/users\/1"}],"replies":[{"embeddable":true,"href":"https:\/\/raicesjerezanas.com\/index.php?rest_route=%2Fwp%2Fv2%2Fcomments&post=2133"}],"version-history":[{"count":0,"href":"https:\/\/raicesjerezanas.com\/index.php?rest_route=\/wp\/v2\/posts\/2133\/revisions"}],"wp:featuredmedia":[{"embeddable":true,"href":"https:\/\/raicesjerezanas.com\/index.php?rest_route=\/wp\/v2\/media\/2134"}],"wp:attachment":[{"href":"https:\/\/raicesjerezanas.com\/index.php?rest_route=%2Fwp%2Fv2%2Fmedia&parent=2133"}],"wp:term":[{"taxonomy":"category","embeddable":true,"href":"https:\/\/raicesjerezanas.com\/index.php?rest_route=%2Fwp%2Fv2%2Fcategories&post=2133"},{"taxonomy":"post_tag","embeddable":true,"href":"https:\/\/raicesjerezanas.com\/index.php?rest_route=%2Fwp%2Fv2%2Ftags&post=2133"}],"curies":[{"name":"wp","href":"https:\/\/api.w.org\/{rel}","templated":true}]}}