{"id":2140,"date":"2019-09-12T15:51:18","date_gmt":"2019-09-12T20:51:18","guid":{"rendered":"https:\/\/raicesjerezanas.com\/?p=2140"},"modified":"2019-09-12T15:51:18","modified_gmt":"2019-09-12T20:51:18","slug":"imparten-ponencia-con-relevantes-datos-de-la-virgen-de-la-soledad","status":"publish","type":"post","link":"https:\/\/raicesjerezanas.com\/?p=2140","title":{"rendered":"IMPARTEN PONENCIA CON RELEVANTES DATOS DE LA VIRGEN DE LA SOLEDAD"},"content":{"rendered":"<p>Con el objetivo de promover el turismo religioso y rescate de las tradiciones de Jerez, el Gobierno Municipal 2018-2021 a trav\u00e9s del Departamento de Turismo ofreci\u00f3 la conferencia La Soledad de Nuestra Se\u00f1ora.<\/p>\n<p>La charla impartida por H\u00e9ctor Manuel Rodr\u00edguez, Cronista Adjunto, relat\u00f3 la historia sobre los inicios de la veneraci\u00f3n de la patrona de las y los jerezanos.<\/p>\n<p>En el foyer del teatro Hinojosa los asistentes escucharon atentos la exposici\u00f3n, la cual fue sustentada con diapositivas e im\u00e1genes hist\u00f3ricas.<\/p>\n<p>Entre los datos hist\u00f3ricos remotos, el conferencista jerezano narr\u00f3 que Fray Domingo de Salazar fue el primero en celebrar ritos cristianos en una choza donde hoy es la parroquia y fue en el a\u00f1o de 1573, cuando se levant\u00f3 el primer templo con Diego Ruiz Jurado, primer p\u00e1rroco.<\/p>\n<p>Continu\u00f3 con el relato de fechas y acontecimientos religiosos relevantes en el municipio, as\u00ed como particularidades que han cambiado en la imagen de la Virgen que al principio portaba vestido blanco, y los datos m\u00e1s relevantes que integran la historia de la fiesta religiosa m\u00e1s importante de Jerez.<\/p>\n","protected":false},"excerpt":{"rendered":"<div class=\"mh-excerpt\"><p>Con el objetivo de promover el turismo religioso y rescate de las tradiciones de Jerez, el Gobierno Municipal 2018-2021 a trav\u00e9s del Departamento de Turismo <a class=\"mh-excerpt-more\" href=\"https:\/\/raicesjerezanas.com\/?p=2140\" title=\"IMPARTEN PONENCIA CON RELEVANTES DATOS DE LA VIRGEN DE LA SOLEDAD\">&#8230;<\/a><\/p>\n<\/div>","protected":false},"author":1,"featured_media":2141,"comment_status":"closed","ping_status":"closed","sticky":false,"template":"","format":"standard","meta":{"footnotes":""},"categories":[],"tags":[],"class_list":["post-2140","post","type-post","status-publish","format-standard","has-post-thumbnail","hentry"],"_links":{"self":[{"href":"https:\/\/raicesjerezanas.com\/index.php?rest_route=\/wp\/v2\/posts\/2140","targetHints":{"allow":["GET"]}}],"collection":[{"href":"https:\/\/raicesjerezanas.com\/index.php?rest_route=\/wp\/v2\/posts"}],"about":[{"href":"https:\/\/raicesjerezanas.com\/index.php?rest_route=\/wp\/v2\/types\/post"}],"author":[{"embeddable":true,"href":"https:\/\/raicesjerezanas.com\/index.php?rest_route=\/wp\/v2\/users\/1"}],"replies":[{"embeddable":true,"href":"https:\/\/raicesjerezanas.com\/index.php?rest_route=%2Fwp%2Fv2%2Fcomments&post=2140"}],"version-history":[{"count":0,"href":"https:\/\/raicesjerezanas.com\/index.php?rest_route=\/wp\/v2\/posts\/2140\/revisions"}],"wp:featuredmedia":[{"embeddable":true,"href":"https:\/\/raicesjerezanas.com\/index.php?rest_route=\/wp\/v2\/media\/2141"}],"wp:attachment":[{"href":"https:\/\/raicesjerezanas.com\/index.php?rest_route=%2Fwp%2Fv2%2Fmedia&parent=2140"}],"wp:term":[{"taxonomy":"category","embeddable":true,"href":"https:\/\/raicesjerezanas.com\/index.php?rest_route=%2Fwp%2Fv2%2Fcategories&post=2140"},{"taxonomy":"post_tag","embeddable":true,"href":"https:\/\/raicesjerezanas.com\/index.php?rest_route=%2Fwp%2Fv2%2Ftags&post=2140"}],"curies":[{"name":"wp","href":"https:\/\/api.w.org\/{rel}","templated":true}]}}